{"id":29099,"date":"2018-11-08T18:18:33","date_gmt":"2018-11-08T17:18:33","guid":{"rendered":"http:\/\/bostry.ch\/30-11-de-18-00-a-20-00\/"},"modified":"2018-12-13T11:27:22","modified_gmt":"2018-12-13T10:27:22","slug":"30-11-de-18-00-a-20-00","status":"publish","type":"post","link":"https:\/\/bostry.ch\/de\/30-11-de-18-00-a-20-00\/","title":{"rendered":"30.11 de 18.00 \u00e0 20.00"},"content":{"rendered":"\t\t<div data-elementor-type=\"wp-post\" data-elementor-id=\"29099\" class=\"elementor elementor-29099 elementor-28886 elementor-bc-flex-widget\" data-elementor-post-type=\"post\">\n\t\t\t\t\t\t<section class=\"elementor-section elementor-top-section elementor-element elementor-element-1bc3196 elementor-section-boxed elementor-section-height-default elementor-section-height-default\" data-id=\"1bc3196\" data-element_type=\"section\" data-e-type=\"section\">\n\t\t\t\t\t\t<div class=\"elementor-container elementor-column-gap-default\">\n\t\t\t\t\t<div class=\"elementor-column elementor-col-100 elementor-top-column elementor-element elementor-element-aed87c4\" data-id=\"aed87c4\" data-element_type=\"column\" data-e-type=\"column\">\n\t\t\t<div class=\"elementor-widget-wrap elementor-element-populated\">\n\t\t\t\t\t\t<div class=\"elementor-element elementor-element-fef68cc elementor-widget elementor-widget-heading\" data-id=\"fef68cc\" data-element_type=\"widget\" data-e-type=\"widget\" data-widget_type=\"heading.default\">\n\t\t\t\t<div class=\"elementor-widget-container\">\n\t\t\t\t\t<h2 class=\"elementor-heading-title elementor-size-default\">30.11 de 18.00 \u00e0 20.00<\/h2>\t\t\t\t<\/div>\n\t\t\t\t<\/div>\n\t\t\t\t<div class=\"elementor-element elementor-element-30c7820 elementor-widget elementor-widget-heading\" data-id=\"30c7820\" data-element_type=\"widget\" data-e-type=\"widget\" data-widget_type=\"heading.default\">\n\t\t\t\t<div class=\"elementor-widget-container\">\n\t\t\t\t\t<h1 class=\"elementor-heading-title elementor-size-default\">Sebastian Steffen \r\nlit Leg di ascht\u00e4ndig a<\/h1>\t\t\t\t<\/div>\n\t\t\t\t<\/div>\n\t\t\t\t\t<\/div>\n\t\t<\/div>\n\t\t\t\t\t<\/div>\n\t\t<\/section>\n\t\t\t\t<section class=\"elementor-section elementor-top-section elementor-element elementor-element-0c9c20d elementor-section-boxed elementor-section-height-default elementor-section-height-default\" data-id=\"0c9c20d\" data-element_type=\"section\" data-e-type=\"section\">\n\t\t\t\t\t\t<div class=\"elementor-container elementor-column-gap-default\">\n\t\t\t\t\t<div class=\"elementor-column elementor-col-50 elementor-top-column elementor-element elementor-element-6ec3e1f\" data-id=\"6ec3e1f\" data-element_type=\"column\" data-e-type=\"column\">\n\t\t\t<div class=\"elementor-widget-wrap elementor-element-populated\">\n\t\t\t\t\t\t<div class=\"elementor-element elementor-element-a827cbc elementor-widget elementor-widget-image\" data-id=\"a827cbc\" data-element_type=\"widget\" data-e-type=\"widget\" data-widget_type=\"image.default\">\n\t\t\t\t<div class=\"elementor-widget-container\">\n\t\t\t\t\t\t\t\t\t\t\t\t\t\t\t<img fetchpriority=\"high\" decoding=\"async\" width=\"646\" height=\"1024\" src=\"https:\/\/bostry.ch\/wp-content\/uploads\/2018\/10\/Sebastian-Steffen-Leg-di-aschta\u0308ndig-a-646x1024.jpg\" class=\"attachment-large size-large wp-image-28994\" alt=\"\" srcset=\"https:\/\/bostry.ch\/wp-content\/uploads\/2018\/10\/Sebastian-Steffen-Leg-di-aschta\u0308ndig-a-646x1024.jpg 646w, https:\/\/bostry.ch\/wp-content\/uploads\/2018\/10\/Sebastian-Steffen-Leg-di-aschta\u0308ndig-a-189x300.jpg 189w, https:\/\/bostry.ch\/wp-content\/uploads\/2018\/10\/Sebastian-Steffen-Leg-di-aschta\u0308ndig-a-768x1217.jpg 768w, https:\/\/bostry.ch\/wp-content\/uploads\/2018\/10\/Sebastian-Steffen-Leg-di-aschta\u0308ndig-a.jpg 912w\" sizes=\"(max-width: 646px) 100vw, 646px\" \/>\t\t\t\t\t\t\t\t\t\t\t\t\t\t\t<\/div>\n\t\t\t\t<\/div>\n\t\t\t\t\t<\/div>\n\t\t<\/div>\n\t\t\t\t<div class=\"elementor-column elementor-col-50 elementor-top-column elementor-element elementor-element-f51792b\" data-id=\"f51792b\" data-element_type=\"column\" data-e-type=\"column\">\n\t\t\t<div class=\"elementor-widget-wrap elementor-element-populated\">\n\t\t\t\t\t\t<div class=\"elementor-element elementor-element-5f80daf elementor-widget elementor-widget-text-editor\" data-id=\"5f80daf\" data-element_type=\"widget\" data-e-type=\"widget\" data-widget_type=\"text-editor.default\">\n\t\t\t\t<div class=\"elementor-widget-container\">\n\t\t\t\t\t\t\t\t\t<p>Sebastian Steffen lebt und -arbeitet in Biel.<br \/>\nEr schreibt und macht Musik und hat am Schweizerischen Literaturinstitut studiert. \u00bbleg di ascht\u00e4ndig a\u00ab ist sein zweites Buch.\u00bb Aschtronaut unger em Miuchglasdach\u00ab erschien ebenfalls im verlag die brotsuppe.<\/p>\n\t\t\t\t\t\t\t\t<\/div>\n\t\t\t\t<\/div>\n\t\t\t\t<div class=\"elementor-element elementor-element-66eb61c elementor-widget elementor-widget-text-editor\" data-id=\"66eb61c\" data-element_type=\"widget\" data-e-type=\"widget\" data-widget_type=\"text-editor.default\">\n\t\t\t\t<div class=\"elementor-widget-container\">\n\t\t\t\t\t\t\t\t\t<p>Die Geschichte zweier Br\u00fcder.<br \/>\nDa ist ein Abend und S\u00e4mi im Ausgang. Er betrinkt sich, zieht durch die Stadt. Unterdessen schl\u00e4ft Esther ein und wacht nicht mehr auf.<br \/>\nDa ist Esthers Haus. Sie liegt tot in ihrem Bett. Tanten, Onkel und Cousinen organisieren die Beerdigung, w\u00e4hrend S\u00e4mi im Garten mit seinem Bruder \u00fcber die passende Kleiderwahl streitet.<br \/>\nEin paar Tage sp\u00e4ter sind da S\u00e4mi und sein Bruder, die tagelang in den Bergen herumirren. Sie wollen Esthers Asche in einem Meer verstreuen und zum Strand kommen, wo sie als Kinder Zeit mit ihr verbracht hatten.<br \/>\nSie streiten.<br \/>\nDa sind W\u00f6lfe, Fl\u00fcsse und andere Menschen.<br \/>\nDa ist S\u00e4mi, der sich in der freien Natur voll und ganz seinen \u00c4ngsten hingibt, und da ist sein Bruder, der sich in seiner Trauer gest\u00f6rt f\u00fchlt und sich \u00fcber die Unselbst\u00e4ndigkeit seines Bruders aufregt.<br \/>\nSie streiten.<br \/>\nUnd da ist immer wieder die aufkeimende Hoffnung beider, die Sache m\u00f6ge friedlich enden und nicht im totalen Chaos.<br \/>\nUnd da sind zaghafte Schritte aufeinander zu.<\/p>\n\t\t\t\t\t\t\t\t<\/div>\n\t\t\t\t<\/div>\n\t\t\t\t\t<\/div>\n\t\t<\/div>\n\t\t\t\t\t<\/div>\n\t\t<\/section>\n\t\t\t\t<\/div>\n\t\t","protected":false},"excerpt":{"rendered":"<p>Sebastian Steffen<br \/>\nlit Leg di ascht\u00e4ndig a<\/p>\n","protected":false},"author":1,"featured_media":28994,"comment_status":"closed","ping_status":"closed","sticky":false,"template":"","format":"standard","meta":{"footnotes":""},"categories":[22,9],"tags":[],"class_list":["post-29099","post","type-post","status-publish","format-standard","has-post-thumbnail","hentry","category-archive","category-unkategorisiert"],"_links":{"self":[{"href":"https:\/\/bostry.ch\/de\/wp-json\/wp\/v2\/posts\/29099","targetHints":{"allow":["GET"]}}],"collection":[{"href":"https:\/\/bostry.ch\/de\/wp-json\/wp\/v2\/posts"}],"about":[{"href":"https:\/\/bostry.ch\/de\/wp-json\/wp\/v2\/types\/post"}],"author":[{"embeddable":true,"href":"https:\/\/bostry.ch\/de\/wp-json\/wp\/v2\/users\/1"}],"replies":[{"embeddable":true,"href":"https:\/\/bostry.ch\/de\/wp-json\/wp\/v2\/comments?post=29099"}],"version-history":[{"count":2,"href":"https:\/\/bostry.ch\/de\/wp-json\/wp\/v2\/posts\/29099\/revisions"}],"predecessor-version":[{"id":29159,"href":"https:\/\/bostry.ch\/de\/wp-json\/wp\/v2\/posts\/29099\/revisions\/29159"}],"wp:featuredmedia":[{"embeddable":true,"href":"https:\/\/bostry.ch\/de\/wp-json\/wp\/v2\/media\/28994"}],"wp:attachment":[{"href":"https:\/\/bostry.ch\/de\/wp-json\/wp\/v2\/media?parent=29099"}],"wp:term":[{"taxonomy":"category","embeddable":true,"href":"https:\/\/bostry.ch\/de\/wp-json\/wp\/v2\/categories?post=29099"},{"taxonomy":"post_tag","embeddable":true,"href":"https:\/\/bostry.ch\/de\/wp-json\/wp\/v2\/tags?post=29099"}],"curies":[{"name":"wp","href":"https:\/\/api.w.org\/{rel}","templated":true}]}}