{"id":29698,"date":"2019-05-01T22:28:55","date_gmt":"2019-05-01T20:28:55","guid":{"rendered":"http:\/\/bostry.ch\/11-mai-des-16h-rencontre-aperitif-signature-avec-les-insecables-association-dediteurs\/"},"modified":"2019-05-07T16:36:26","modified_gmt":"2019-05-07T14:36:26","slug":"11-mai-des-16h-rencontre-aperitif-signature-avec-les-insecables-association-dediteurs","status":"publish","type":"post","link":"https:\/\/bostry.ch\/de\/11-mai-des-16h-rencontre-aperitif-signature-avec-les-insecables-association-dediteurs\/","title":{"rendered":"11 mai 2019 d\u00e8s 16h: Rencontre-ap\u00e9ritif-signature avec Les Ins\u00e9cables, association d&#8217;\u00e9diteurs"},"content":{"rendered":"\t\t<div data-elementor-type=\"wp-post\" data-elementor-id=\"29698\" class=\"elementor elementor-29698 elementor-29695 elementor-bc-flex-widget\" data-elementor-post-type=\"post\">\n\t\t\t\t\t\t<section class=\"elementor-section elementor-top-section elementor-element elementor-element-5ce61800 elementor-section-boxed elementor-section-height-default elementor-section-height-default\" data-id=\"5ce61800\" data-element_type=\"section\" data-e-type=\"section\">\n\t\t\t\t\t\t<div class=\"elementor-container elementor-column-gap-default\">\n\t\t\t\t\t<div class=\"elementor-column elementor-col-100 elementor-top-column elementor-element elementor-element-263f09a0\" data-id=\"263f09a0\" data-element_type=\"column\" data-e-type=\"column\">\n\t\t\t<div class=\"elementor-widget-wrap elementor-element-populated\">\n\t\t\t\t\t\t<div class=\"elementor-element elementor-element-434ac388 elementor-widget elementor-widget-heading\" data-id=\"434ac388\" data-element_type=\"widget\" data-e-type=\"widget\" data-widget_type=\"heading.default\">\n\t\t\t\t<div class=\"elementor-widget-container\">\n\t\t\t\t\t<h2 class=\"elementor-heading-title elementor-size-default\">11 mai 2019 d\u00e8s 16h: Rencontre-ap\u00e9ritif-signature avec Les Ins\u00e9cables, association d&#8217;\u00e9diteurs<\/h2>\t\t\t\t<\/div>\n\t\t\t\t<\/div>\n\t\t\t\t<div class=\"elementor-element elementor-element-ec578bc elementor-widget elementor-widget-heading\" data-id=\"ec578bc\" data-element_type=\"widget\" data-e-type=\"widget\" data-widget_type=\"heading.default\">\n\t\t\t\t<div class=\"elementor-widget-container\">\n\t\t\t\t\t<h1 class=\"elementor-heading-title elementor-size-default\">Un moment convivial avec les \u00e9ditions art&amp;fiction, H\u00e9lice H\u00e9las, La Baconni\u00e8re et de nombreux auteurs et artistes. <\/h1>\t\t\t\t<\/div>\n\t\t\t\t<\/div>\n\t\t\t\t\t<\/div>\n\t\t<\/div>\n\t\t\t\t\t<\/div>\n\t\t<\/section>\n\t\t\t\t<section class=\"elementor-section elementor-top-section elementor-element elementor-element-3594cd2d elementor-section-boxed elementor-section-height-default elementor-section-height-default\" data-id=\"3594cd2d\" data-element_type=\"section\" data-e-type=\"section\">\n\t\t\t\t\t\t<div class=\"elementor-container elementor-column-gap-default\">\n\t\t\t\t\t<div class=\"elementor-column elementor-col-50 elementor-top-column elementor-element elementor-element-4dede6fe\" data-id=\"4dede6fe\" data-element_type=\"column\" data-e-type=\"column\">\n\t\t\t<div class=\"elementor-widget-wrap elementor-element-populated\">\n\t\t\t\t\t\t<div class=\"elementor-element elementor-element-ed0c8b5 elementor-widget elementor-widget-image\" data-id=\"ed0c8b5\" data-element_type=\"widget\" data-e-type=\"widget\" data-widget_type=\"image.default\">\n\t\t\t\t<div class=\"elementor-widget-container\">\n\t\t\t\t\t\t\t\t\t\t\t\t\t\t\t<img fetchpriority=\"high\" decoding=\"async\" width=\"850\" height=\"496\" src=\"https:\/\/bostry.ch\/wp-content\/uploads\/2019\/05\/Capture-d\u2019\u00e9cran-2019-04-29-\u00e0-22.59.40.png\" class=\"attachment-large size-large wp-image-29699\" alt=\"\" srcset=\"https:\/\/bostry.ch\/wp-content\/uploads\/2019\/05\/Capture-d\u2019\u00e9cran-2019-04-29-\u00e0-22.59.40.png 850w, https:\/\/bostry.ch\/wp-content\/uploads\/2019\/05\/Capture-d\u2019\u00e9cran-2019-04-29-\u00e0-22.59.40-300x175.png 300w, https:\/\/bostry.ch\/wp-content\/uploads\/2019\/05\/Capture-d\u2019\u00e9cran-2019-04-29-\u00e0-22.59.40-768x448.png 768w\" sizes=\"(max-width: 850px) 100vw, 850px\" \/>\t\t\t\t\t\t\t\t\t\t\t\t\t\t\t<\/div>\n\t\t\t\t<\/div>\n\t\t\t\t<div class=\"elementor-element elementor-element-fa4403b elementor-widget elementor-widget-text-editor\" data-id=\"fa4403b\" data-element_type=\"widget\" data-e-type=\"widget\" data-widget_type=\"text-editor.default\">\n\t\t\t\t<div class=\"elementor-widget-container\">\n\t\t\t\t\t\t\t\t\t<p>&#8222;Le b\u00e9b\u00e9&#8220;, Line Marquis, huile sur toile maroufl\u00e9e, Ed. Line Marquis \/ Art&amp;Fiction<\/p>\n\t\t\t\t\t\t\t\t<\/div>\n\t\t\t\t<\/div>\n\t\t\t\t\t<\/div>\n\t\t<\/div>\n\t\t\t\t<div class=\"elementor-column elementor-col-50 elementor-top-column elementor-element elementor-element-5380d5a5\" data-id=\"5380d5a5\" data-element_type=\"column\" data-e-type=\"column\">\n\t\t\t<div class=\"elementor-widget-wrap elementor-element-populated\">\n\t\t\t\t\t\t<div class=\"elementor-element elementor-element-4a80eb11 elementor-widget elementor-widget-text-editor\" data-id=\"4a80eb11\" data-element_type=\"widget\" data-e-type=\"widget\" data-widget_type=\"text-editor.default\">\n\t\t\t\t<div class=\"elementor-widget-container\">\n\t\t\t\t\t\t\t\t\t<div><b>Art&amp;Fiction:<\/b><\/div>\n<div><\/div>\n<div><span class=\"x_font\"><span class=\"x_size\">Sylvie Mermoud et<\/span><\/span><span class=\"x_font\"><span class=\"x_size\">\u00a0 \u00a0<\/span><\/span><span class=\"x_font\"><span class=\"x_size\">Pierre Bonard, <i>Sylvie Mermoud Pierre Bonnard<\/i><\/span><\/span><\/div>\n<div><span class=\"x_font\"><span class=\"x_size\">C\u00e9line Cerni et\u00a0<\/span><\/span><span class=\"x_font\"><span class=\"x_size\">Line Marquis, <i>On vous attend<\/i><\/span><\/span><\/div>\n<div><\/div>\n<div><span class=\"x_font\"><span class=\"x_size\"><b>La Baconni\u00e8re :<\/b><\/span><\/span><\/div>\n<div><\/div>\n<div><span class=\"x_size\">Andr\u00e9 Ourednik, <i>Hypertopie, de l<\/i><\/span><i>\u2019<span class=\"x_size\">utopie \u00e0 l&#8217;omniscience<\/span><\/i><\/div>\n<div><\/div>\n<div><span class=\"x_font\"><span class=\"x_size\"><b>H\u00e9lice H\u00e9las :<\/b><\/span><\/span><\/div>\n<div><\/div>\n<div><span class=\"x_size\">N\u00e9tonon\u00a0<\/span>No\u00ebl Ndj\u00e9k\u00e9ry, <i>Au petit bonheur la brousse<\/i><\/div>\n<div>Alain Freudiger,\u00a0<i>Liqu\u00e9faction<\/i><\/div>\n<div>Julie Henoch, <i>Volte-face aux\u00a0\u00ab\u00a0Nouvelles en trois lignes\u00a0\u00bb de F\u00e9lix F\u00e9n\u00e9on<\/i><\/div>\n\t\t\t\t\t\t\t\t<\/div>\n\t\t\t\t<\/div>\n\t\t\t\t\t<\/div>\n\t\t<\/div>\n\t\t\t\t\t<\/div>\n\t\t<\/section>\n\t\t\t\t<\/div>\n\t\t","protected":false},"excerpt":{"rendered":"<p>Un moment convivial avec les \u00e9ditions art&#038;fiction, H\u00e9lice H\u00e9las, La Baconni\u00e8re et de nombreux auteurs et artistes. <\/p>\n","protected":false},"author":1,"featured_media":0,"comment_status":"closed","ping_status":"open","sticky":false,"template":"","format":"standard","meta":{"footnotes":""},"categories":[22,20,1,9],"tags":[],"class_list":["post-29698","post","type-post","status-publish","format-standard","hentry","category-archive","category-archives","category-non-classifiee","category-unkategorisiert"],"_links":{"self":[{"href":"https:\/\/bostry.ch\/de\/wp-json\/wp\/v2\/posts\/29698","targetHints":{"allow":["GET"]}}],"collection":[{"href":"https:\/\/bostry.ch\/de\/wp-json\/wp\/v2\/posts"}],"about":[{"href":"https:\/\/bostry.ch\/de\/wp-json\/wp\/v2\/types\/post"}],"author":[{"embeddable":true,"href":"https:\/\/bostry.ch\/de\/wp-json\/wp\/v2\/users\/1"}],"replies":[{"embeddable":true,"href":"https:\/\/bostry.ch\/de\/wp-json\/wp\/v2\/comments?post=29698"}],"version-history":[{"count":4,"href":"https:\/\/bostry.ch\/de\/wp-json\/wp\/v2\/posts\/29698\/revisions"}],"predecessor-version":[{"id":29719,"href":"https:\/\/bostry.ch\/de\/wp-json\/wp\/v2\/posts\/29698\/revisions\/29719"}],"wp:attachment":[{"href":"https:\/\/bostry.ch\/de\/wp-json\/wp\/v2\/media?parent=29698"}],"wp:term":[{"taxonomy":"category","embeddable":true,"href":"https:\/\/bostry.ch\/de\/wp-json\/wp\/v2\/categories?post=29698"},{"taxonomy":"post_tag","embeddable":true,"href":"https:\/\/bostry.ch\/de\/wp-json\/wp\/v2\/tags?post=29698"}],"curies":[{"name":"wp","href":"https:\/\/api.w.org\/{rel}","templated":true}]}}