{"id":29776,"date":"2019-08-16T22:19:45","date_gmt":"2019-08-16T20:19:45","guid":{"rendered":"http:\/\/bostry.ch\/4-september-2019-19h-lesung-mit-olivier-guez-das-verschwinden-des-joseph-mengele\/"},"modified":"2019-08-21T22:41:20","modified_gmt":"2019-08-21T20:41:20","slug":"4-september-2019-19h-lesung-mit-olivier-guez-das-verschwinden-des-joseph-mengele","status":"publish","type":"post","link":"https:\/\/bostry.ch\/de\/4-september-2019-19h-lesung-mit-olivier-guez-das-verschwinden-des-joseph-mengele\/","title":{"rendered":"4. September 2019, 19h &#8211; Lesung mit Olivier Guez: das Verschwinden des Joseph Mengele"},"content":{"rendered":"\t\t<div data-elementor-type=\"wp-post\" data-elementor-id=\"29776\" class=\"elementor elementor-29776 elementor-29760 elementor-bc-flex-widget\" data-elementor-post-type=\"post\">\n\t\t\t\t\t\t<section class=\"elementor-section elementor-top-section elementor-element elementor-element-18078c53 elementor-section-boxed elementor-section-height-default elementor-section-height-default\" data-id=\"18078c53\" data-element_type=\"section\" data-e-type=\"section\">\n\t\t\t\t\t\t<div class=\"elementor-container elementor-column-gap-default\">\n\t\t\t\t\t<div class=\"elementor-column elementor-col-100 elementor-top-column elementor-element elementor-element-7222643\" data-id=\"7222643\" data-element_type=\"column\" data-e-type=\"column\">\n\t\t\t<div class=\"elementor-widget-wrap elementor-element-populated\">\n\t\t\t\t\t\t<div class=\"elementor-element elementor-element-22c0aa43 elementor-widget elementor-widget-text-editor\" data-id=\"22c0aa43\" data-element_type=\"widget\" data-e-type=\"widget\" data-widget_type=\"text-editor.default\">\n\t\t\t\t<div class=\"elementor-widget-container\">\n\t\t\t\t\t\t\t\t\t<div class=\"rtejustify\"><\/div>\n\t\t\t\t\t\t\t\t<\/div>\n\t\t\t\t<\/div>\n\t\t\t\t\t<\/div>\n\t\t<\/div>\n\t\t\t\t\t<\/div>\n\t\t<\/section>\n\t\t\t\t<section class=\"elementor-section elementor-top-section elementor-element elementor-element-69957c57 elementor-section-boxed elementor-section-height-default elementor-section-height-default\" data-id=\"69957c57\" data-element_type=\"section\" data-e-type=\"section\">\n\t\t\t\t\t\t<div class=\"elementor-container elementor-column-gap-default\">\n\t\t\t\t\t<div class=\"elementor-column elementor-col-100 elementor-top-column elementor-element elementor-element-451c4b66\" data-id=\"451c4b66\" data-element_type=\"column\" data-e-type=\"column\">\n\t\t\t<div class=\"elementor-widget-wrap elementor-element-populated\">\n\t\t\t\t\t\t<div class=\"elementor-element elementor-element-73998fd6 elementor-widget elementor-widget-heading\" data-id=\"73998fd6\" data-element_type=\"widget\" data-e-type=\"widget\" data-widget_type=\"heading.default\">\n\t\t\t\t<div class=\"elementor-widget-container\">\n\t\t\t\t\t<h2 class=\"elementor-heading-title elementor-size-default\">4. September 2019, 19h &#8211; Lesung mit Olivier Guez: das Verschwinden des Joseph Mengele<\/h2>\t\t\t\t<\/div>\n\t\t\t\t<\/div>\n\t\t\t\t\t<\/div>\n\t\t<\/div>\n\t\t\t\t\t<\/div>\n\t\t<\/section>\n\t\t\t\t<section class=\"elementor-section elementor-top-section elementor-element elementor-element-40a61bc0 elementor-section-boxed elementor-section-height-default elementor-section-height-default\" data-id=\"40a61bc0\" data-element_type=\"section\" data-e-type=\"section\">\n\t\t\t\t\t\t<div class=\"elementor-container elementor-column-gap-default\">\n\t\t\t\t\t<div class=\"elementor-column elementor-col-50 elementor-top-column elementor-element elementor-element-37d1b514\" data-id=\"37d1b514\" data-element_type=\"column\" data-e-type=\"column\">\n\t\t\t<div class=\"elementor-widget-wrap elementor-element-populated\">\n\t\t\t\t\t\t<div class=\"elementor-element elementor-element-25ac26c elementor-widget elementor-widget-image\" data-id=\"25ac26c\" data-element_type=\"widget\" data-e-type=\"widget\" data-widget_type=\"image.default\">\n\t\t\t\t<div class=\"elementor-widget-container\">\n\t\t\t\t\t\t\t\t\t\t\t\t\t\t\t<img fetchpriority=\"high\" decoding=\"async\" width=\"597\" height=\"1024\" src=\"https:\/\/bostry.ch\/wp-content\/uploads\/2019\/08\/Capture-d\u2019\u00e9cran-2019-08-16-\u00e0-22.20.17-597x1024.png\" class=\"attachment-large size-large wp-image-29781\" alt=\"\" srcset=\"https:\/\/bostry.ch\/wp-content\/uploads\/2019\/08\/Capture-d\u2019\u00e9cran-2019-08-16-\u00e0-22.20.17-597x1024.png 597w, https:\/\/bostry.ch\/wp-content\/uploads\/2019\/08\/Capture-d\u2019\u00e9cran-2019-08-16-\u00e0-22.20.17-175x300.png 175w, https:\/\/bostry.ch\/wp-content\/uploads\/2019\/08\/Capture-d\u2019\u00e9cran-2019-08-16-\u00e0-22.20.17-768x1316.png 768w, https:\/\/bostry.ch\/wp-content\/uploads\/2019\/08\/Capture-d\u2019\u00e9cran-2019-08-16-\u00e0-22.20.17.png 790w\" sizes=\"(max-width: 597px) 100vw, 597px\" \/>\t\t\t\t\t\t\t\t\t\t\t\t\t\t\t<\/div>\n\t\t\t\t<\/div>\n\t\t\t\t\t<\/div>\n\t\t<\/div>\n\t\t\t\t<div class=\"elementor-column elementor-col-50 elementor-top-column elementor-element elementor-element-3054db23\" data-id=\"3054db23\" data-element_type=\"column\" data-e-type=\"column\">\n\t\t\t<div class=\"elementor-widget-wrap elementor-element-populated\">\n\t\t\t\t\t\t<div class=\"elementor-element elementor-element-2b3dabcc elementor-widget elementor-widget-text-editor\" data-id=\"2b3dabcc\" data-element_type=\"widget\" data-e-type=\"widget\" data-widget_type=\"text-editor.default\">\n\t\t\t\t<div class=\"elementor-widget-container\">\n\t\t\t\t\t\t\t\t\t<p>Zweisprachige Lesung und Diskussion mit dem franz\u00f6sischen Schriftsteller und Journalist Olivier Guez. &#8218;Das Verschwinden des Joseph Mengele&#8216; (La Disparition de Joseph Mengele).<\/p>\t\t\t\t\t\t\t\t<\/div>\n\t\t\t\t<\/div>\n\t\t\t\t<div class=\"elementor-element elementor-element-57e3b67c elementor-widget elementor-widget-text-editor\" data-id=\"57e3b67c\" data-element_type=\"widget\" data-e-type=\"widget\" data-widget_type=\"text-editor.default\">\n\t\t\t\t<div class=\"elementor-widget-container\">\n\t\t\t\t\t\t\t\t\t<p>1949 fl\u00fcchtet Josef Mengele, der bestialische Lagerarzt von Auschwitz, nach Argentinien. In Buenos Aires trifft er auf ein dichtes Netzwerk aus Unterst\u00fctzern, unter ihnen Diktator Per\u00f3n, und baut sich St\u00fcck f\u00fcr St\u00fcck eine neue Existenz auf. Mengele begegnet auch Adolf Eichmann, der ihn zu seiner gro\u00dfen Entt\u00e4uschung nicht einmal kennt. Der Mossad sowie Nazi-J\u00e4ger Simon Wiesenthal und Generalstaatsanwalt Fritz Bauer nehmen schlie\u00dflich die Verfolgung auf. Mengele rettet sich von einem Versteck ins n\u00e4chste, lebt isoliert und wird finanziell von seiner Familie in G\u00fcnzburg unterst\u00fctzt. Erst 1979, nach drei\u00dfig Jahren Flucht, findet man die Leiche von Josef Mengele an einem brasilianischen Strand. Dieser preisgekr\u00f6nte Tatsachenroman von Olivier Guez, der in Frankreich sofort zum Sensationsbesteller wurde, liest sich wie ein rasanter Politthriller und wahrt zugleich die notwendige Distanz.<\/p><p>Eine Zusammenarbeit mit der franz\u00f6sischen Botschaft in der Schweiz<\/p><p>freier Eintritt, Apero<\/p><p><img decoding=\"async\" class=\"alignnone size-full wp-image-29817\" src=\"https:\/\/bostry.ch\/wp-content\/uploads\/2019\/08\/logoAmb-SuisseRVB-copie-e1566418789227.jpg\" alt=\"\" width=\"150\" height=\"155\" \/><\/p><p>\u00a0<\/p><p>\u00a0<\/p><div class=\"rtejustify\">\u00a0<\/div><div class=\"rtejustify\">\u00a0<\/div>\t\t\t\t\t\t\t\t<\/div>\n\t\t\t\t<\/div>\n\t\t\t\t\t<\/div>\n\t\t<\/div>\n\t\t\t\t\t<\/div>\n\t\t<\/section>\n\t\t\t\t<\/div>\n\t\t","protected":false},"excerpt":{"rendered":"<p>Zweisprachige Lesung und Diskussion mit dem franz\u00f6sischen Schriftsteller und Journalist Olivier Guez. &#8218;Das Verschwinden des Joseph Mengele&#8216; (La Disparition de Joseph Mengele). 1949 fl\u00fcchtet Josef Mengele, der bestialische Lagerarzt von Auschwitz, nach Argentinien. In Buenos Aires trifft er auf ein dichtes Netzwerk aus Unterst\u00fctzern, unter ihnen Diktator Per\u00f3n, und baut sich St\u00fcck f\u00fcr St\u00fcck eine &hellip; <a href=\"https:\/\/bostry.ch\/de\/4-september-2019-19h-lesung-mit-olivier-guez-das-verschwinden-des-joseph-mengele\/\">Continued<\/a><\/p>\n","protected":false},"author":1,"featured_media":0,"comment_status":"closed","ping_status":"open","sticky":false,"template":"","format":"standard","meta":{"footnotes":""},"categories":[22,9],"tags":[],"class_list":["post-29776","post","type-post","status-publish","format-standard","hentry","category-archive","category-unkategorisiert"],"_links":{"self":[{"href":"https:\/\/bostry.ch\/de\/wp-json\/wp\/v2\/posts\/29776","targetHints":{"allow":["GET"]}}],"collection":[{"href":"https:\/\/bostry.ch\/de\/wp-json\/wp\/v2\/posts"}],"about":[{"href":"https:\/\/bostry.ch\/de\/wp-json\/wp\/v2\/types\/post"}],"author":[{"embeddable":true,"href":"https:\/\/bostry.ch\/de\/wp-json\/wp\/v2\/users\/1"}],"replies":[{"embeddable":true,"href":"https:\/\/bostry.ch\/de\/wp-json\/wp\/v2\/comments?post=29776"}],"version-history":[{"count":9,"href":"https:\/\/bostry.ch\/de\/wp-json\/wp\/v2\/posts\/29776\/revisions"}],"predecessor-version":[{"id":29826,"href":"https:\/\/bostry.ch\/de\/wp-json\/wp\/v2\/posts\/29776\/revisions\/29826"}],"wp:attachment":[{"href":"https:\/\/bostry.ch\/de\/wp-json\/wp\/v2\/media?parent=29776"}],"wp:term":[{"taxonomy":"category","embeddable":true,"href":"https:\/\/bostry.ch\/de\/wp-json\/wp\/v2\/categories?post=29776"},{"taxonomy":"post_tag","embeddable":true,"href":"https:\/\/bostry.ch\/de\/wp-json\/wp\/v2\/tags?post=29776"}],"curies":[{"name":"wp","href":"https:\/\/api.w.org\/{rel}","templated":true}]}}