{"id":29794,"date":"2019-08-16T22:39:24","date_gmt":"2019-08-16T20:39:24","guid":{"rendered":"http:\/\/bostry.ch\/26-september-lesung-mit-eva-maria-leuenberger-dekarnation-gedichte\/"},"modified":"2019-08-16T22:39:25","modified_gmt":"2019-08-16T20:39:25","slug":"26-september-lesung-mit-eva-maria-leuenberger-dekarnation-gedichte","status":"publish","type":"post","link":"https:\/\/bostry.ch\/de\/26-september-lesung-mit-eva-maria-leuenberger-dekarnation-gedichte\/","title":{"rendered":"26. September: Lesung mit Eva-Maria Leuenberger: Dekarnation (Gedichte)"},"content":{"rendered":"\t\t<div data-elementor-type=\"wp-post\" data-elementor-id=\"29794\" class=\"elementor elementor-29794 elementor-29784 elementor-bc-flex-widget\" data-elementor-post-type=\"post\">\n\t\t\t\t\t\t<section class=\"elementor-section elementor-top-section elementor-element elementor-element-3d247a2a elementor-section-boxed elementor-section-height-default elementor-section-height-default\" data-id=\"3d247a2a\" data-element_type=\"section\" data-e-type=\"section\">\n\t\t\t\t\t\t<div class=\"elementor-container elementor-column-gap-default\">\n\t\t\t\t\t<div class=\"elementor-column elementor-col-100 elementor-top-column elementor-element elementor-element-3df67f2d\" data-id=\"3df67f2d\" data-element_type=\"column\" data-e-type=\"column\">\n\t\t\t<div class=\"elementor-widget-wrap elementor-element-populated\">\n\t\t\t\t\t\t<div class=\"elementor-element elementor-element-26702c08 elementor-widget elementor-widget-heading\" data-id=\"26702c08\" data-element_type=\"widget\" data-e-type=\"widget\" data-widget_type=\"heading.default\">\n\t\t\t\t<div class=\"elementor-widget-container\">\n\t\t\t\t\t<h2 class=\"elementor-heading-title elementor-size-default\">26. September: Lesung mit Eva-Maria Leuenberger: Dekarnation (Gedichte)<\/h2>\t\t\t\t<\/div>\n\t\t\t\t<\/div>\n\t\t\t\t\t<\/div>\n\t\t<\/div>\n\t\t\t\t\t<\/div>\n\t\t<\/section>\n\t\t\t\t<section class=\"elementor-section elementor-top-section elementor-element elementor-element-400bf1a6 elementor-section-boxed elementor-section-height-default elementor-section-height-default\" data-id=\"400bf1a6\" data-element_type=\"section\" data-e-type=\"section\">\n\t\t\t\t\t\t<div class=\"elementor-container elementor-column-gap-default\">\n\t\t\t\t\t<div class=\"elementor-column elementor-col-50 elementor-top-column elementor-element elementor-element-1259d89\" data-id=\"1259d89\" data-element_type=\"column\" data-e-type=\"column\">\n\t\t\t<div class=\"elementor-widget-wrap elementor-element-populated\">\n\t\t\t\t\t\t<div class=\"elementor-element elementor-element-1d339082 elementor-widget elementor-widget-image\" data-id=\"1d339082\" data-element_type=\"widget\" data-e-type=\"widget\" data-widget_type=\"image.default\">\n\t\t\t\t<div class=\"elementor-widget-container\">\n\t\t\t\t\t\t\t\t\t\t\t\t\t\t\t<img fetchpriority=\"high\" decoding=\"async\" width=\"452\" height=\"558\" src=\"https:\/\/bostry.ch\/wp-content\/uploads\/2019\/08\/Capture-d\u2019\u00e9cran-2019-08-16-\u00e0-22.32.39.png\" class=\"attachment-large size-large wp-image-29788\" alt=\"\" srcset=\"https:\/\/bostry.ch\/wp-content\/uploads\/2019\/08\/Capture-d\u2019\u00e9cran-2019-08-16-\u00e0-22.32.39.png 452w, https:\/\/bostry.ch\/wp-content\/uploads\/2019\/08\/Capture-d\u2019\u00e9cran-2019-08-16-\u00e0-22.32.39-243x300.png 243w\" sizes=\"(max-width: 452px) 100vw, 452px\" \/>\t\t\t\t\t\t\t\t\t\t\t\t\t\t\t<\/div>\n\t\t\t\t<\/div>\n\t\t\t\t\t<\/div>\n\t\t<\/div>\n\t\t\t\t<div class=\"elementor-column elementor-col-50 elementor-top-column elementor-element elementor-element-6148032b\" data-id=\"6148032b\" data-element_type=\"column\" data-e-type=\"column\">\n\t\t\t<div class=\"elementor-widget-wrap elementor-element-populated\">\n\t\t\t\t\t\t<div class=\"elementor-element elementor-element-6bcfe4d0 elementor-widget elementor-widget-text-editor\" data-id=\"6bcfe4d0\" data-element_type=\"widget\" data-e-type=\"widget\" data-widget_type=\"text-editor.default\">\n\t\t\t\t<div class=\"elementor-widget-container\">\n\t\t\t\t\t\t\t\t\t<p>Eva Maria Leuenberger wurde 1991 in Bern geboren und lebt in Biel. Sie studierte an der Universit\u00e4t Bern sowie an der Hochschule der K\u00fcnste Bern. Ver\u00f6ffentlichungen u.a. in manuskripte und in Literarischer Monat.<br \/>\nSie i<span style=\"color: #000000;\">st zweifache <a style=\"color: #000000; text-decoration: underline;\" href=\"https:\/\/soundcloud.com\/litradio\/eva-maria-leuenberger-open-mike-25\">Finalistin des open mike<\/a> in Berlin (2014 und 2017) und erhielt 2016 das <\/span>\u00bbWeiterschreiben\u00ab-Stipendium der Stadt Bern.<\/p>\n\t\t\t\t\t\t\t\t<\/div>\n\t\t\t\t<\/div>\n\t\t\t\t<div class=\"elementor-element elementor-element-389d3436 elementor-widget elementor-widget-text-editor\" data-id=\"389d3436\" data-element_type=\"widget\" data-e-type=\"widget\" data-widget_type=\"text-editor.default\">\n\t\t\t\t<div class=\"elementor-widget-container\">\n\t\t\t\t\t\t\t\t\t<p style=\"font-size: 16px; border: 0px; margin: 0px 0px 16px; padding: 0px; letter-spacing: 0.5px; font-family: Merriweather, serif;\">Eva Maria Leuenbergers bildstarkes Deb\u00fct\u00a0<em style=\"border: 0px; margin: 0px; padding: 0px;\">dekarnation<\/em>\u00a0besteht aus vier Zyklen. Sie erdichtet sich fortschreibende Geschichten, indem Themen und Motive innerhalb der Zyklen verbunden und variiert werden.<\/p>\n<p style=\"font-size: 16px; border: 0px; margin: 0px 0px 16px; padding: 0px; letter-spacing: 0.5px; font-family: Merriweather, serif;\">Die Texte vibrieren und pulsieren, die Worte beleben Tal und Moor, Schlucht, Bach und Wald. Wir erleben eine Vermenschlichung der Natur:<\/p>\n<p style=\"font-size: 16px; border: 0px; margin: 0px 0px 16px; padding: 0px; letter-spacing: 0.5px; font-family: Merriweather, serif;\"><em style=\"border: 0px; margin: 0px; padding: 0px;\">\u00bbder wind in den b\u00e4umen krallt \/ auf der haut, und nur die nacht \/ ist sicher \/\u00a0<\/em><br \/>\n<em style=\"border: 0px; margin: 0px; padding: 0px;\">da sind die fenster offen: \/ atmen die luft, als w\u00e4re sie frei\u00ab<\/em><\/p>\n<p style=\"font-size: 16px; border: 0px; margin: 0px 0px 16px; padding: 0px; letter-spacing: 0.5px; font-family: Merriweather, serif;\">M\u00e4chtig, lebendig und immer in Bewegung zeigt sich die Natur. Klingt hingegen ein letztes Mal ein Laut, ob leise oder schreiend, aus dem K\u00f6rper des Menschen, ist er bereits dabei, zu verstummen.<\/p>\n<p style=\"font-size: 16px; border: 0px; margin: 0px 0px 16px; padding: 0px; letter-spacing: 0.5px; font-family: Merriweather, serif;\">Wir h\u00f6ren den sprechenden Toten zu, deren Stimmen lautlos klingen und in die Stille der Natur dringen; wir betrachten Moorleichen \u2013 die Frau von Elling und den Tollund-Mann \u2013 und sehen ihre K\u00f6rper nah beieinander in der Zeitlosigkeit liegen; ein K\u00f6rper im Fluss findet langsam zur eigenen Hand, w\u00e4hrend Schicht f\u00fcr Schicht die Dekarnation voranschreitet; ein alleine durch das Tal wandernder K\u00f6rper teilt dann im Fluss schwimmend das Wasser entzwei. Die K\u00f6rper gehen ein in die Natur und werden von ihr absorbiert.<\/p>\n<p style=\"font-size: 16px; border: 0px; margin: 0px 0px 16px; padding: 0px; letter-spacing: 0.5px; font-family: Merriweather, serif;\"><em style=\"border: 0px; margin: 0px; padding: 0px;\">\u00bbstell dir vor \/ die haut f\u00e4llt von dir ab \/ wie die rinde \/ einer anderen zeit \/\u00a0<\/em><br \/>\n<em style=\"border: 0px; margin: 0px; padding: 0px;\">am r\u00fcckgrat wachsen \/ bl\u00e4tter\u00ab<\/em><\/p>\n\t\t\t\t\t\t\t\t<\/div>\n\t\t\t\t<\/div>\n\t\t\t\t\t<\/div>\n\t\t<\/div>\n\t\t\t\t\t<\/div>\n\t\t<\/section>\n\t\t\t\t<\/div>\n\t\t","protected":false},"excerpt":{"rendered":"<p>Eva Maria Leuenberger wurde 1991 in Bern geboren und lebt in Biel. Sie studierte an der Universit\u00e4t Bern sowie an der Hochschule der K\u00fcnste Bern. Ver\u00f6ffentlichungen u.a. in manuskripte und in Literarischer Monat. Sie ist zweifache Finalistin des open mike in Berlin (2014 und 2017) und erhielt 2016 das \u00bbWeiterschreiben\u00ab-Stipendium der Stadt Bern. Eva Maria &hellip; <a href=\"https:\/\/bostry.ch\/de\/26-september-lesung-mit-eva-maria-leuenberger-dekarnation-gedichte\/\">Continued<\/a><\/p>\n","protected":false},"author":1,"featured_media":0,"comment_status":"closed","ping_status":"open","sticky":false,"template":"","format":"standard","meta":{"footnotes":""},"categories":[22,20,1,9],"tags":[],"class_list":["post-29794","post","type-post","status-publish","format-standard","hentry","category-archive","category-archives","category-non-classifiee","category-unkategorisiert"],"_links":{"self":[{"href":"https:\/\/bostry.ch\/de\/wp-json\/wp\/v2\/posts\/29794","targetHints":{"allow":["GET"]}}],"collection":[{"href":"https:\/\/bostry.ch\/de\/wp-json\/wp\/v2\/posts"}],"about":[{"href":"https:\/\/bostry.ch\/de\/wp-json\/wp\/v2\/types\/post"}],"author":[{"embeddable":true,"href":"https:\/\/bostry.ch\/de\/wp-json\/wp\/v2\/users\/1"}],"replies":[{"embeddable":true,"href":"https:\/\/bostry.ch\/de\/wp-json\/wp\/v2\/comments?post=29794"}],"version-history":[{"count":1,"href":"https:\/\/bostry.ch\/de\/wp-json\/wp\/v2\/posts\/29794\/revisions"}],"predecessor-version":[{"id":29795,"href":"https:\/\/bostry.ch\/de\/wp-json\/wp\/v2\/posts\/29794\/revisions\/29795"}],"wp:attachment":[{"href":"https:\/\/bostry.ch\/de\/wp-json\/wp\/v2\/media?parent=29794"}],"wp:term":[{"taxonomy":"category","embeddable":true,"href":"https:\/\/bostry.ch\/de\/wp-json\/wp\/v2\/categories?post=29794"},{"taxonomy":"post_tag","embeddable":true,"href":"https:\/\/bostry.ch\/de\/wp-json\/wp\/v2\/tags?post=29794"}],"curies":[{"name":"wp","href":"https:\/\/api.w.org\/{rel}","templated":true}]}}