{"id":30101,"date":"2020-02-04T21:38:14","date_gmt":"2020-02-04T20:38:14","guid":{"rendered":"https:\/\/bostry.ch\/ivna-zic-liest-aus-ihrem-debuetroman-die-nachkommende\/"},"modified":"2020-02-04T21:38:14","modified_gmt":"2020-02-04T20:38:14","slug":"ivna-zic-liest-aus-ihrem-debuetroman-die-nachkommende","status":"publish","type":"post","link":"https:\/\/bostry.ch\/de\/ivna-zic-liest-aus-ihrem-debuetroman-die-nachkommende\/","title":{"rendered":"Ivna \u017dic liest aus ihrem Deb\u00fctroman \u00abDie Nachkommende\u00bb"},"content":{"rendered":"\t\t<div data-elementor-type=\"wp-post\" data-elementor-id=\"30101\" class=\"elementor elementor-30101 elementor-30097\" data-elementor-post-type=\"post\">\n\t\t\t\t\t\t<section class=\"elementor-section elementor-top-section elementor-element elementor-element-5c41b63 elementor-section-boxed elementor-section-height-default elementor-section-height-default\" data-id=\"5c41b63\" data-element_type=\"section\" data-e-type=\"section\">\n\t\t\t\t\t\t<div class=\"elementor-container elementor-column-gap-default\">\n\t\t\t\t\t<div class=\"elementor-column elementor-col-100 elementor-top-column elementor-element elementor-element-7bb65e\" data-id=\"7bb65e\" data-element_type=\"column\" data-e-type=\"column\">\n\t\t\t<div class=\"elementor-widget-wrap elementor-element-populated\">\n\t\t\t\t\t\t<div class=\"elementor-element elementor-element-3eb844bf elementor-widget elementor-widget-heading\" data-id=\"3eb844bf\" data-element_type=\"widget\" data-e-type=\"widget\" data-widget_type=\"heading.default\">\n\t\t\t\t<div class=\"elementor-widget-container\">\n\t\t\t\t\t<h2 class=\"elementor-heading-title elementor-size-default\">Ivna \u017dic liest aus ihrem Deb\u00fctroman \u00abDie Nachkommende\u00bb<\/h2>\t\t\t\t<\/div>\n\t\t\t\t<\/div>\n\t\t\t\t\t<\/div>\n\t\t<\/div>\n\t\t\t\t\t<\/div>\n\t\t<\/section>\n\t\t\t\t<section class=\"elementor-section elementor-top-section elementor-element elementor-element-63e888e1 elementor-section-boxed elementor-section-height-default elementor-section-height-default\" data-id=\"63e888e1\" data-element_type=\"section\" data-e-type=\"section\">\n\t\t\t\t\t\t<div class=\"elementor-container elementor-column-gap-default\">\n\t\t\t\t\t<div class=\"elementor-column elementor-col-50 elementor-top-column elementor-element elementor-element-41d1d133\" data-id=\"41d1d133\" data-element_type=\"column\" data-e-type=\"column\">\n\t\t\t<div class=\"elementor-widget-wrap elementor-element-populated\">\n\t\t\t\t\t\t\t<\/div>\n\t\t<\/div>\n\t\t\t\t<div class=\"elementor-column elementor-col-50 elementor-top-column elementor-element elementor-element-25bc5d27\" data-id=\"25bc5d27\" data-element_type=\"column\" data-e-type=\"column\">\n\t\t\t<div class=\"elementor-widget-wrap elementor-element-populated\">\n\t\t\t\t\t\t<div class=\"elementor-element elementor-element-c00c545 elementor-widget elementor-widget-text-editor\" data-id=\"c00c545\" data-element_type=\"widget\" data-e-type=\"widget\" data-widget_type=\"text-editor.default\">\n\t\t\t\t<div class=\"elementor-widget-container\">\n\t\t\t\t\t\t\t\t\t<p class=\"information-archiv\">31.01.2020<br \/>T\u00fcr\u00f6ffnung:\u00a019.30<br \/>Beginn:\u00a020.00<\/p>\n\t\t\t\t\t\t\t\t<\/div>\n\t\t\t\t<\/div>\n\t\t\t\t<div class=\"elementor-element elementor-element-339a0e59 elementor-widget elementor-widget-text-editor\" data-id=\"339a0e59\" data-element_type=\"widget\" data-e-type=\"widget\" data-widget_type=\"text-editor.default\">\n\t\t\t\t<div class=\"elementor-widget-container\">\n\t\t\t\t\t\t\t\t\t<div class=\"cell large-4 medium-4\">\n<p>Eine junge Frau reist in einem Zug von Paris nach Kroatien, wo wie jeden Sommer die Familie auf der Grossmutterinsel wartet. Sie denkt an den Mann, mit dem sie ein Jahr lang eine Beziehung f\u00fchrte, die nie wirklich anfangen konnte, als sich der tote Grossvater zu ihr setzt. Die zwei abwesend-anwesenden M\u00e4nner werden zu ihren Begleitern auf einer Reise in die Vergangenheit und die Erinnerung.<\/p>\n<p>Ivna \u017dic erz\u00e4hlt vom Verlust von Heimat, der Suche nach ihr, den Verpflichtungen und Rufen einer Sippe, dem Wunsch, ein eigenst\u00e4ndiges Leben zu f\u00fchren, ungebunden und doch irgendwo zuhause zu sein, der Sehnsucht all jener, die sich nach inneren Bildern sehnen, die von der Gegenwart vergessen sind. Die Sehnsucht, sich nahe zu kommen und die Ern\u00fcchterung dar\u00fcber, dass zum andern und gar zu sich selbst un\u00fcberwindbare Distanz bleibt.<\/p>\n<p>Die junge, 1986 in Zagreb geborene und in Z\u00fcrich aufgewachsene Ivna \u017dic schrieb mit \u201eDie Nachkommende\u201c einen Roman, der nicht in erster Linie eine Geschichte erz\u00e4hlen will. Ivna \u017dic erz\u00e4hlt Bilder, die sie aus Vergangenheit und Gegenwart mit sich tr\u00e4gt, Bilder, die mit dem Lesen zu Geschichten werden.\u00a0<\/p>\n<p>Dieser Roman ist ein grosses Kunstst\u00fcck im Kleinen. Es sind nur 160 Seiten, nach denen man weiss, dass die Schweizer Literatur ein neues grosses Talent hat. <br \/>F\u00fcr ihren Deb\u00fctroman \u00bbDie Nachkommende\u00ab wurde Ivna Zic 2019 sowohl f\u00fcr den \u00d6sterreichischen Buchpreis als auch f\u00fcr den Schweizer Buchpreis nominiert.<\/p>\n<p>\u00abEiner malt nicht mehr, einer spielt nicht mehr Theater, eine andere spielt auch nicht mehr, und eine verliess das Land, stets um die gleiche Zeit herum, in diesem Alter, in dem mein K\u00f6rper nun auch steckt, hat einer oder eine in dieser Grossvaterfamilie mit irgendetwas so sehr aufgeh\u00f6rt, dass es nachklingt. Und ich bin kurz davor.<br \/>Und diese Aufh\u00f6renden fragen: Schreibst du noch? <br \/>Sie fragen: Wo lebst du eigentlich? <br \/>Und sie fragen: Liebst du?<br \/>Und sie fragen nicht mehr.\u00bb<\/p>\n<p>Die Nachkommende, Matthes&amp;Seitz Berlin 2019<\/p>\n<p>Eintritt: 20 CHF \/ 15 CHF (AHV, Mitglieder der Literarischen) \/ 5 CHF (in Ausbildung)<\/p>\n<\/div>\n<div class=\"cell large-3 medium-3 icon-file\"><a href=\"https:\/\/www.dilit.ch\/archiv\/?veranstaltung=1#veranstaltungen\"><i class=\"randomColor-2\">Zur Veranstaltung<\/i><\/a><\/div>\n\t\t\t\t\t\t\t\t<\/div>\n\t\t\t\t<\/div>\n\t\t\t\t<div class=\"elementor-element elementor-element-4e686e03 elementor-widget elementor-widget-text-editor\" data-id=\"4e686e03\" data-element_type=\"widget\" data-e-type=\"widget\" data-widget_type=\"text-editor.default\">\n\t\t\t\t<div class=\"elementor-widget-container\">\n\t\t\t\t\t\t\t\t\t<p>Die Geschichte zweier Br\u00fcder.<br \/>\nDa ist ein Abend und S\u00e4mi im Ausgang. Er betrinkt sich, zieht durch die Stadt. Unterdessen schl\u00e4ft Esther ein und wacht nicht mehr auf.<br \/>\nDa ist Esthers Haus. Sie liegt tot in ihrem Bett. Tanten, Onkel und Cousinen organisieren die Beerdigung, w\u00e4hrend S\u00e4mi im Garten mit seinem Bruder \u00fcber die passende Kleiderwahl streitet.<br \/>\nEin paar Tage sp\u00e4ter sind da S\u00e4mi und sein Bruder, die tagelang in den Bergen herumirren. Sie wollen Esthers Asche in einem Meer verstreuen und zum Strand kommen, wo sie als Kinder Zeit mit ihr verbracht hatten.<br \/>\nSie streiten.<br \/>\nDa sind W\u00f6lfe, Fl\u00fcsse und andere Menschen.<br \/>\nDa ist S\u00e4mi, der sich in der freien Natur voll und ganz seinen \u00c4ngsten hingibt, und da ist sein Bruder, der sich in seiner Trauer gest\u00f6rt f\u00fchlt und sich \u00fcber die Unselbst\u00e4ndigkeit seines Bruders aufregt.<br \/>\nSie streiten.<br \/>\nUnd da ist immer wieder die aufkeimende Hoffnung beider, die Sache m\u00f6ge friedlich enden und nicht im totalen Chaos.<br \/>\nUnd da sind zaghafte Schritte aufeinander zu.<\/p>\n\t\t\t\t\t\t\t\t<\/div>\n\t\t\t\t<\/div>\n\t\t\t\t\t<\/div>\n\t\t<\/div>\n\t\t\t\t\t<\/div>\n\t\t<\/section>\n\t\t\t\t<\/div>\n\t\t","protected":false},"excerpt":{"rendered":"<p>31.01.2020T\u00fcr\u00f6ffnung:\u00a019.30Beginn:\u00a020.00 Eine junge Frau reist in einem Zug von Paris nach Kroatien, wo wie jeden Sommer die Familie auf der Grossmutterinsel wartet. Sie denkt an den Mann, mit dem sie ein Jahr lang eine Beziehung f\u00fchrte, die nie wirklich anfangen konnte, als sich der tote Grossvater zu ihr setzt. Die zwei abwesend-anwesenden M\u00e4nner werden zu &hellip; <a href=\"https:\/\/bostry.ch\/de\/ivna-zic-liest-aus-ihrem-debuetroman-die-nachkommende\/\">Continued<\/a><\/p>\n","protected":false},"author":1,"featured_media":0,"comment_status":"closed","ping_status":"open","sticky":false,"template":"","format":"standard","meta":{"footnotes":""},"categories":[22,9],"tags":[],"class_list":["post-30101","post","type-post","status-publish","format-standard","hentry","category-archive","category-unkategorisiert"],"_links":{"self":[{"href":"https:\/\/bostry.ch\/de\/wp-json\/wp\/v2\/posts\/30101","targetHints":{"allow":["GET"]}}],"collection":[{"href":"https:\/\/bostry.ch\/de\/wp-json\/wp\/v2\/posts"}],"about":[{"href":"https:\/\/bostry.ch\/de\/wp-json\/wp\/v2\/types\/post"}],"author":[{"embeddable":true,"href":"https:\/\/bostry.ch\/de\/wp-json\/wp\/v2\/users\/1"}],"replies":[{"embeddable":true,"href":"https:\/\/bostry.ch\/de\/wp-json\/wp\/v2\/comments?post=30101"}],"version-history":[{"count":1,"href":"https:\/\/bostry.ch\/de\/wp-json\/wp\/v2\/posts\/30101\/revisions"}],"predecessor-version":[{"id":30102,"href":"https:\/\/bostry.ch\/de\/wp-json\/wp\/v2\/posts\/30101\/revisions\/30102"}],"wp:attachment":[{"href":"https:\/\/bostry.ch\/de\/wp-json\/wp\/v2\/media?parent=30101"}],"wp:term":[{"taxonomy":"category","embeddable":true,"href":"https:\/\/bostry.ch\/de\/wp-json\/wp\/v2\/categories?post=30101"},{"taxonomy":"post_tag","embeddable":true,"href":"https:\/\/bostry.ch\/de\/wp-json\/wp\/v2\/tags?post=30101"}],"curies":[{"name":"wp","href":"https:\/\/api.w.org\/{rel}","templated":true}]}}