{"id":30142,"date":"2020-02-25T22:21:25","date_gmt":"2020-02-25T21:21:25","guid":{"rendered":"https:\/\/bostry.ch\/?p=30142"},"modified":"2020-03-15T20:45:55","modified_gmt":"2020-03-15T19:45:55","slug":"vendredi-freitag-28-02-2020-19-30-lecture-bilingue-julia-weber-liest-zusammen-mit-der-uebersetzerin-raphaelle-lacord-aus-immer-ist-alles-schoen-tout-est-toujours-beau","status":"publish","type":"post","link":"https:\/\/bostry.ch\/de\/vendredi-freitag-28-02-2020-19-30-lecture-bilingue-julia-weber-liest-zusammen-mit-der-uebersetzerin-raphaelle-lacord-aus-immer-ist-alles-schoen-tout-est-toujours-beau\/","title":{"rendered":"Vendredi \/ Freitag 28.02.2020, 19.30: LECTURE BILINGUE: JULIA WEBER LIEST ZUSAMMEN MIT DER \u00dcBERSETZERIN RAPHA\u00cbLLE LACORD AUS \u00abIMMER IST ALLES SCH\u00d6N\u00bb \/ \u00abTOUT EST TOUJOURS BEAU\u00bb"},"content":{"rendered":"\t\t<div data-elementor-type=\"wp-post\" data-elementor-id=\"30142\" class=\"elementor elementor-30142\" data-elementor-post-type=\"post\">\n\t\t\t\t\t\t<section class=\"elementor-section elementor-top-section elementor-element elementor-element-3d247a2a elementor-section-boxed elementor-section-height-default elementor-section-height-default\" data-id=\"3d247a2a\" data-element_type=\"section\" data-e-type=\"section\">\n\t\t\t\t\t\t<div class=\"elementor-container elementor-column-gap-default\">\n\t\t\t\t\t<div class=\"elementor-column elementor-col-100 elementor-top-column elementor-element elementor-element-3df67f2d\" data-id=\"3df67f2d\" data-element_type=\"column\" data-e-type=\"column\">\n\t\t\t<div class=\"elementor-widget-wrap elementor-element-populated\">\n\t\t\t\t\t\t<div class=\"elementor-element elementor-element-26702c08 elementor-widget elementor-widget-heading\" data-id=\"26702c08\" data-element_type=\"widget\" data-e-type=\"widget\" data-widget_type=\"heading.default\">\n\t\t\t\t<div class=\"elementor-widget-container\">\n\t\t\t\t\t<h2 class=\"elementor-heading-title elementor-size-default\">Vendredi \/ Freitag 28.02.2020, 19.30: LECTURE BILINGUE: JULIA WEBER LIEST ZUSAMMEN MIT DER \u00dcBERSETZERIN RAPHA\u00cbLLE LACORD AUS \u00abIMMER IST ALLES SCH\u00d6N\u00bb \/ \u00abTOUT EST TOUJOURS BEAU\u00bb<\/h2>\t\t\t\t<\/div>\n\t\t\t\t<\/div>\n\t\t\t\t\t<\/div>\n\t\t<\/div>\n\t\t\t\t\t<\/div>\n\t\t<\/section>\n\t\t\t\t<section class=\"elementor-section elementor-top-section elementor-element elementor-element-400bf1a6 elementor-section-boxed elementor-section-height-default elementor-section-height-default\" data-id=\"400bf1a6\" data-element_type=\"section\" data-e-type=\"section\">\n\t\t\t\t\t\t<div class=\"elementor-container elementor-column-gap-default\">\n\t\t\t\t\t<div class=\"elementor-column elementor-col-50 elementor-top-column elementor-element elementor-element-1259d89\" data-id=\"1259d89\" data-element_type=\"column\" data-e-type=\"column\">\n\t\t\t<div class=\"elementor-widget-wrap elementor-element-populated\">\n\t\t\t\t\t\t<div class=\"elementor-element elementor-element-1d339082 elementor-widget elementor-widget-image\" data-id=\"1d339082\" data-element_type=\"widget\" data-e-type=\"widget\" data-widget_type=\"image.default\">\n\t\t\t\t<div class=\"elementor-widget-container\">\n\t\t\t\t\t\t\t\t\t\t\t\t\t\t\t<img fetchpriority=\"high\" decoding=\"async\" width=\"288\" height=\"460\" src=\"https:\/\/bostry.ch\/wp-content\/uploads\/2020\/02\/Capture-d\u2019\u00e9cran-2020-02-25-\u00e0-21.22.12.png\" class=\"attachment-large size-large wp-image-30148\" alt=\"\" srcset=\"https:\/\/bostry.ch\/wp-content\/uploads\/2020\/02\/Capture-d\u2019\u00e9cran-2020-02-25-\u00e0-21.22.12.png 288w, https:\/\/bostry.ch\/wp-content\/uploads\/2020\/02\/Capture-d\u2019\u00e9cran-2020-02-25-\u00e0-21.22.12-188x300.png 188w\" sizes=\"(max-width: 288px) 100vw, 288px\" \/>\t\t\t\t\t\t\t\t\t\t\t\t\t\t\t<\/div>\n\t\t\t\t<\/div>\n\t\t\t\t\t<\/div>\n\t\t<\/div>\n\t\t\t\t<div class=\"elementor-column elementor-col-50 elementor-top-column elementor-element elementor-element-6148032b\" data-id=\"6148032b\" data-element_type=\"column\" data-e-type=\"column\">\n\t\t\t<div class=\"elementor-widget-wrap elementor-element-populated\">\n\t\t\t\t\t\t<div class=\"elementor-element elementor-element-389d3436 elementor-widget elementor-widget-text-editor\" data-id=\"389d3436\" data-element_type=\"widget\" data-e-type=\"widget\" data-widget_type=\"text-editor.default\">\n\t\t\t\t<div class=\"elementor-widget-container\">\n\t\t\t\t\t\t\t\t\t<div class=\"cell large-4 medium-4\"><p>Anais liebt ihre Mutter, sie liebt ihren Bruder Bruno und insgeheim auch Peter aus der Schule. Die Mutter sagt, das Leben sei eine Wucht, und dass sie gerne noch ein Glas Wein h\u00e4tte. Denn es h\u00e4lt ihren Sehns\u00fcchten nicht stand, das Leben, und die M\u00e4nner halten ihrer Liebe nicht stand. Das Tanzen, das sie liebt, ist zum Tanz an der Stange vor den M\u00e4nnern geworden. Es ist nicht einfach, so ein Leben zu leben, sagt die Mutter, darum will sie noch ein Glas. Anais und Bruno versuchen sich und die Mutter zu sch\u00fctzen vor der Au\u00dfenwelt, die in Gestalt von Mutters M\u00e4nnern mit Haaren auf der Brust in der K\u00fcche steht. Oder in der Gestalt von Peter, der ihre Wohnung seltsam findet und nichts anfangen kann mit den tausend, auf der Stra\u00dfe zusammengesammelten Dingen. In Gestalt eines Mannes vom Jugendamt, der viele Fragen stellt, sich Notizen macht, der Anais und Bruno betrachtet wie zu erforschendes Material, und in Gestalt einer Nachbarin, die im Treppenhaus lauscht. Je mehr diese Au\u00dfenwelt in ihre eigene eindringt, desto mehr ziehen sich die Kinder in ihre Fantasie zur\u00fcck.<\/p><p>\u00abImmer ist alles sch\u00f6n\u00bb ist ein komisch-trauriger Roman, der mit leisem Humor eine eindr\u00fcckliche Geschichte erz\u00e4hlt: von scheiternder Lebensfreude in einer geordneten Welt und davon, wie zwei Kinder versuchen, ihre eigene Logik dagegenzusetzen. Mit Anais und Bruno f\u00fcgt Julia Weber der Literatur ein zutiefst ber\u00fchrendes Geschwisterpaar hinzu.<\/p><p>Julia Weber und ihre \u00dcbersetzerin Rapha\u00eblle Lacord sind mit &#8222;Immer ist alles sch\u00f6n&#8220; und der franz\u00f6sischen \u00dcbersetzung &#8222;Tout est toujours beau&#8220; bei der Literarischen Biel zu Gast. Moderiert wird der Anlass von Maria Magnin.\u00a0<\/p><p>Eintritt: 20 CHF (Normalpreis) \/ 15 CHF (Mitglieder der Literarischen \/ AHV) \/ 5 CHF (in Ausbildung)<\/p><p>\u00a0<\/p><p>\u00abManchmal denke ich, dass Mutter zu gro\u00df, zu blond und zu lebendig ist, dann tut es mir leid. Manchmal w\u00fcnsche ich mir eine Mutter mit mattem Haar, zerknitterter Sch\u00fcrze, sanften, m\u00fcden Augen. Manchmal vermisse ich Mutter, obwohl sie da ist, und manchmal habe ich das Gef\u00fchl, sie sitzt in mir drin.\u00bb<\/p><p>Limmat 2017<\/p><p>\u00a0<br \/>\u00abParfois je pense que m\u00e8re est trop grande, trop blonde et trop vivante, puis je m\u02bcen veux. Parfois je r\u00eave d\u02bcune m\u00e8re aux cheveux ternes, au tablier froiss\u00e9, aux yeux doux et fatigu\u00e9s. Parfois m\u00e8re me manque m\u00eame quand elle est l\u00e0, et parfois j\u02bcai le sentiment qu\u02bcelle est \u00e0 l\u02bcint\u00e9rieur de moi.\u00bb<br \/>\u00a0L\u02bcAire 2019<\/p><\/div>\t\t\t\t\t\t\t\t<\/div>\n\t\t\t\t<\/div>\n\t\t\t\t\t<\/div>\n\t\t<\/div>\n\t\t\t\t\t<\/div>\n\t\t<\/section>\n\t\t\t\t<\/div>\n\t\t","protected":false},"excerpt":{"rendered":"<p>Anais liebt ihre Mutter, sie liebt ihren Bruder Bruno und insgeheim auch Peter aus der Schule. Die Mutter sagt, das Leben sei eine Wucht, und dass sie gerne noch ein Glas Wein h\u00e4tte. Denn es h\u00e4lt ihren Sehns\u00fcchten nicht stand, das Leben, und die M\u00e4nner halten ihrer Liebe nicht stand. Das Tanzen, das sie liebt, &hellip; <a href=\"https:\/\/bostry.ch\/de\/vendredi-freitag-28-02-2020-19-30-lecture-bilingue-julia-weber-liest-zusammen-mit-der-uebersetzerin-raphaelle-lacord-aus-immer-ist-alles-schoen-tout-est-toujours-beau\/\">Continued<\/a><\/p>\n","protected":false},"author":1,"featured_media":0,"comment_status":"closed","ping_status":"open","sticky":false,"template":"","format":"standard","meta":{"footnotes":""},"categories":[22,9],"tags":[],"class_list":["post-30142","post","type-post","status-publish","format-standard","hentry","category-archive","category-unkategorisiert"],"_links":{"self":[{"href":"https:\/\/bostry.ch\/de\/wp-json\/wp\/v2\/posts\/30142","targetHints":{"allow":["GET"]}}],"collection":[{"href":"https:\/\/bostry.ch\/de\/wp-json\/wp\/v2\/posts"}],"about":[{"href":"https:\/\/bostry.ch\/de\/wp-json\/wp\/v2\/types\/post"}],"author":[{"embeddable":true,"href":"https:\/\/bostry.ch\/de\/wp-json\/wp\/v2\/users\/1"}],"replies":[{"embeddable":true,"href":"https:\/\/bostry.ch\/de\/wp-json\/wp\/v2\/comments?post=30142"}],"version-history":[{"count":3,"href":"https:\/\/bostry.ch\/de\/wp-json\/wp\/v2\/posts\/30142\/revisions"}],"predecessor-version":[{"id":30151,"href":"https:\/\/bostry.ch\/de\/wp-json\/wp\/v2\/posts\/30142\/revisions\/30151"}],"wp:attachment":[{"href":"https:\/\/bostry.ch\/de\/wp-json\/wp\/v2\/media?parent=30142"}],"wp:term":[{"taxonomy":"category","embeddable":true,"href":"https:\/\/bostry.ch\/de\/wp-json\/wp\/v2\/categories?post=30142"},{"taxonomy":"post_tag","embeddable":true,"href":"https:\/\/bostry.ch\/de\/wp-json\/wp\/v2\/tags?post=30142"}],"curies":[{"name":"wp","href":"https:\/\/api.w.org\/{rel}","templated":true}]}}