{"id":30196,"date":"2020-08-23T21:15:49","date_gmt":"2020-08-23T19:15:49","guid":{"rendered":"https:\/\/bostry.ch\/jeudi-17-septembre-19h-vernissage-du-roman-les-nuits-dete-de-thomas-flahaut\/"},"modified":"2020-08-23T21:31:10","modified_gmt":"2020-08-23T19:31:10","slug":"jeudi-17-septembre-19h-vernissage-du-roman-les-nuits-dete-de-thomas-flahaut","status":"publish","type":"post","link":"https:\/\/bostry.ch\/de\/jeudi-17-septembre-19h-vernissage-du-roman-les-nuits-dete-de-thomas-flahaut\/","title":{"rendered":"Jeudi 17 septembre, 19h  Vernissage du roman &#8218;Les nuits d&#8217;\u00e9t\u00e9&#8216; de Thomas Flahaut"},"content":{"rendered":"\n<div class=\"wp-block-image\"><figure class=\"alignleft size-large is-resized\"><img decoding=\"async\" src=\"https:\/\/bostry.ch\/wp-content\/uploads\/2020\/08\/Capture-d\u2019\u00e9cran-2020-08-23-\u00e0-21.22.50-1.png\" alt=\"\" class=\"wp-image-30205\" width=\"159\" height=\"232\" srcset=\"https:\/\/bostry.ch\/wp-content\/uploads\/2020\/08\/Capture-d\u2019\u00e9cran-2020-08-23-\u00e0-21.22.50-1.png 634w, https:\/\/bostry.ch\/wp-content\/uploads\/2020\/08\/Capture-d\u2019\u00e9cran-2020-08-23-\u00e0-21.22.50-1-205x300.png 205w\" sizes=\"(max-width: 159px) 100vw, 159px\" \/><figcaption>Thomas Flahaut, Les nuits d&#8217;\u00e9t\u00e9, \u00e9dition de l&#8217;Olivier, litt\u00e9rature fran\u00e7aise<\/figcaption><\/figure><\/div>\n\n\n\n<p>Thomas, Mehdi et Louise se connaissent depuis l\u2019enfance. <br>\u00c0 cette \u00e9poque, Les Verri\u00e8res \u00e9taient un terrain de jeux in\u00e9puisable. Aujourd\u2019hui, ils ont grandi, leur quartier s\u2019est d\u00e9labr\u00e9 et, le temps d\u2019un \u00e9t\u00e9, l\u2019usine devient le centre de leurs vies.<br>L\u2019usine, o\u00f9 leurs p\u00e8res ont trim\u00e9 pendant tant d\u2019ann\u00e9es et o\u00f9 Thomas et Mehdi viennent d\u2019\u00eatre engag\u00e9s.<br>L\u2019usine, au centre de la th\u00e8se que Louise pr\u00e9pare sur les ouvriers frontaliers, entre France et Suisse.<br>Ces enfants des classes populaires aspiraient \u00e0 une vie meilleure. Ils se retrouvent dans un monde aseptis\u00e9 plus violent encore que celui de leurs parents. L\u00e0, il n\u2019y a plus d\u2019ouvriers, mais des op\u00e9rateurs, et les machines brillent d\u2019une \u00e9trange beaut\u00e9.<br><br>Grande fresque sur la puissance et la fragilit\u00e9 de l\u2019h\u00e9ritage social, Thomas Flahaut \u00e9crit le roman d\u2019une g\u00e9n\u00e9ration, avec ses r\u00eaves, ses espoirs, ses d\u00e9sillusions.<br><br><strong>N\u00e9 en 1991 \u00e0 Montb\u00e9liard (Doubs), Thomas Flahaut a \u00e9tudi\u00e9 le th\u00e9\u00e2tre \u00e0 Strasbourg avant de s\u2019installer en Suisse pour suivre un cursus en \u00e9criture \u00e0 l\u2019Institut litt\u00e9raire suisse de Bienne. Dipl\u00f4m\u00e9 en 2015, il vit aujourd\u2019hui \u00e0 Bienne. Il s\u2019initie \u00e0 l\u2019\u00e9criture de sc\u00e9nario et a cofond\u00e9 le collectif litt\u00e9raire franco-suisse H\u00e9t\u00e9rotrophes, avec des auteurs issus de la fili\u00e8re biennoise.<\/strong><\/p>\n\n\n\n<p><\/p>\n","protected":false},"excerpt":{"rendered":"<p>Thomas, Mehdi et Louise se connaissent depuis l\u2019enfance. \u00c0 cette \u00e9poque, Les Verri\u00e8res \u00e9taient un terrain de jeux in\u00e9puisable. Aujourd\u2019hui, ils ont grandi, leur quartier s\u2019est d\u00e9labr\u00e9 et, le temps d\u2019un \u00e9t\u00e9, l\u2019usine devient le centre de leurs vies.L\u2019usine, o\u00f9 leurs p\u00e8res ont trim\u00e9 pendant tant d\u2019ann\u00e9es et o\u00f9 Thomas et Mehdi viennent d\u2019\u00eatre engag\u00e9s.L\u2019usine, &hellip; <a href=\"https:\/\/bostry.ch\/de\/jeudi-17-septembre-19h-vernissage-du-roman-les-nuits-dete-de-thomas-flahaut\/\">Continued<\/a><\/p>\n","protected":false},"author":1,"featured_media":0,"comment_status":"closed","ping_status":"open","sticky":false,"template":"","format":"standard","meta":{"footnotes":""},"categories":[22,9],"tags":[],"class_list":["post-30196","post","type-post","status-publish","format-standard","hentry","category-archive","category-unkategorisiert"],"_links":{"self":[{"href":"https:\/\/bostry.ch\/de\/wp-json\/wp\/v2\/posts\/30196","targetHints":{"allow":["GET"]}}],"collection":[{"href":"https:\/\/bostry.ch\/de\/wp-json\/wp\/v2\/posts"}],"about":[{"href":"https:\/\/bostry.ch\/de\/wp-json\/wp\/v2\/types\/post"}],"author":[{"embeddable":true,"href":"https:\/\/bostry.ch\/de\/wp-json\/wp\/v2\/users\/1"}],"replies":[{"embeddable":true,"href":"https:\/\/bostry.ch\/de\/wp-json\/wp\/v2\/comments?post=30196"}],"version-history":[{"count":2,"href":"https:\/\/bostry.ch\/de\/wp-json\/wp\/v2\/posts\/30196\/revisions"}],"predecessor-version":[{"id":30209,"href":"https:\/\/bostry.ch\/de\/wp-json\/wp\/v2\/posts\/30196\/revisions\/30209"}],"wp:attachment":[{"href":"https:\/\/bostry.ch\/de\/wp-json\/wp\/v2\/media?parent=30196"}],"wp:term":[{"taxonomy":"category","embeddable":true,"href":"https:\/\/bostry.ch\/de\/wp-json\/wp\/v2\/categories?post=30196"},{"taxonomy":"post_tag","embeddable":true,"href":"https:\/\/bostry.ch\/de\/wp-json\/wp\/v2\/tags?post=30196"}],"curies":[{"name":"wp","href":"https:\/\/api.w.org\/{rel}","templated":true}]}}