{"id":30349,"date":"2021-07-04T23:29:49","date_gmt":"2021-07-04T21:29:49","guid":{"rendered":"https:\/\/bostry.ch\/?p=30349"},"modified":"2021-07-07T16:02:59","modified_gmt":"2021-07-07T14:02:59","slug":"16-juillet-2021-18h30-jean-pierre-rochat-lit-son-dernier-roman-la-legende-du-merle-editions-den-bas-accompagnement-musical-urs-broniman","status":"publish","type":"post","link":"https:\/\/bostry.ch\/de\/16-juillet-2021-18h30-jean-pierre-rochat-lit-son-dernier-roman-la-legende-du-merle-editions-den-bas-accompagnement-musical-urs-broniman\/","title":{"rendered":"16 juillet 2021, 18h30 Jean-Pierre Rochat lit son dernier roman &#8218;La l\u00e9gende du merle&#8216; (\u00e9ditions d&#8217;en bas)\u00a0 accompagnement musical: Urs Broniman"},"content":{"rendered":"\t\t<div data-elementor-type=\"wp-post\" data-elementor-id=\"30349\" class=\"elementor elementor-30349 elementor-30348\" data-elementor-post-type=\"post\">\n\t\t\t\t\t\t<section class=\"elementor-section elementor-top-section elementor-element elementor-element-6ac641ee elementor-section-boxed elementor-section-height-default elementor-section-height-default\" data-id=\"6ac641ee\" data-element_type=\"section\" data-e-type=\"section\">\n\t\t\t\t\t\t<div class=\"elementor-container elementor-column-gap-default\">\n\t\t\t\t\t<div class=\"elementor-column elementor-col-100 elementor-top-column elementor-element elementor-element-784f7df5\" data-id=\"784f7df5\" data-element_type=\"column\" data-e-type=\"column\">\n\t\t\t<div class=\"elementor-widget-wrap elementor-element-populated\">\n\t\t\t\t\t\t<div class=\"elementor-element elementor-element-20c9f252 elementor-widget elementor-widget-heading\" data-id=\"20c9f252\" data-element_type=\"widget\" data-e-type=\"widget\" data-widget_type=\"heading.default\">\n\t\t\t\t<div class=\"elementor-widget-container\">\n\t\t\t\t\t<h2 class=\"elementor-heading-title elementor-size-default\">16 juillet 2021, 18h30 Jean-Pierre Rochat lit son dernier roman &#8218;La l\u00e9gende du merle&#8216; (\u00e9ditions d&#8217;en bas)\u00a0 accompagnement musical: Urs Broniman<\/h2>\t\t\t\t<\/div>\n\t\t\t\t<\/div>\n\t\t\t\t\t<\/div>\n\t\t<\/div>\n\t\t\t\t\t<\/div>\n\t\t<\/section>\n\t\t\t\t<section class=\"elementor-section elementor-top-section elementor-element elementor-element-2e5ef199 elementor-section-boxed elementor-section-height-default elementor-section-height-default\" data-id=\"2e5ef199\" data-element_type=\"section\" data-e-type=\"section\">\n\t\t\t\t\t\t<div class=\"elementor-container elementor-column-gap-default\">\n\t\t\t\t\t<div class=\"elementor-column elementor-col-50 elementor-top-column elementor-element elementor-element-767ea6b5\" data-id=\"767ea6b5\" data-element_type=\"column\" data-e-type=\"column\">\n\t\t\t<div class=\"elementor-widget-wrap elementor-element-populated\">\n\t\t\t\t\t\t<div class=\"elementor-element elementor-element-69d96d12 elementor-widget elementor-widget-image\" data-id=\"69d96d12\" data-element_type=\"widget\" data-e-type=\"widget\" data-widget_type=\"image.default\">\n\t\t\t\t<div class=\"elementor-widget-container\">\n\t\t\t\t\t\t\t\t\t\t\t\t\t\t\t<img fetchpriority=\"high\" decoding=\"async\" width=\"1024\" height=\"682\" src=\"https:\/\/bostry.ch\/wp-content\/uploads\/2021\/07\/1580481895064_LMS__Jean-PierreRochat-sebanex173-copie-1024x682.jpg\" class=\"attachment-large size-large wp-image-30354\" alt=\"\" srcset=\"https:\/\/bostry.ch\/wp-content\/uploads\/2021\/07\/1580481895064_LMS__Jean-PierreRochat-sebanex173-copie-1024x682.jpg 1024w, https:\/\/bostry.ch\/wp-content\/uploads\/2021\/07\/1580481895064_LMS__Jean-PierreRochat-sebanex173-copie-300x200.jpg 300w, https:\/\/bostry.ch\/wp-content\/uploads\/2021\/07\/1580481895064_LMS__Jean-PierreRochat-sebanex173-copie-768x511.jpg 768w, https:\/\/bostry.ch\/wp-content\/uploads\/2021\/07\/1580481895064_LMS__Jean-PierreRochat-sebanex173-copie-1536x1022.jpg 1536w, https:\/\/bostry.ch\/wp-content\/uploads\/2021\/07\/1580481895064_LMS__Jean-PierreRochat-sebanex173-copie-2048x1363.jpg 2048w\" sizes=\"(max-width: 1024px) 100vw, 1024px\" \/>\t\t\t\t\t\t\t\t\t\t\t\t\t\t\t<\/div>\n\t\t\t\t<\/div>\n\t\t\t\t<div class=\"elementor-element elementor-element-5a898208 elementor-widget elementor-widget-text-editor\" data-id=\"5a898208\" data-element_type=\"widget\" data-e-type=\"widget\" data-widget_type=\"text-editor.default\">\n\t\t\t\t<div class=\"elementor-widget-container\">\n\t\t\t\t\t\t\t\t\t<p>Photo: S\u00e9bastien Anex<\/p>\n\t\t\t\t\t\t\t\t<\/div>\n\t\t\t\t<\/div>\n\t\t\t\t\t<\/div>\n\t\t<\/div>\n\t\t\t\t<div class=\"elementor-column elementor-col-50 elementor-top-column elementor-element elementor-element-5c2cdd4a\" data-id=\"5c2cdd4a\" data-element_type=\"column\" data-e-type=\"column\">\n\t\t\t<div class=\"elementor-widget-wrap elementor-element-populated\">\n\t\t\t\t\t\t<div class=\"elementor-element elementor-element-15b0e015 elementor-widget elementor-widget-text-editor\" data-id=\"15b0e015\" data-element_type=\"widget\" data-e-type=\"widget\" data-widget_type=\"text-editor.default\">\n\t\t\t\t<div class=\"elementor-widget-container\">\n\t\t\t\t\t\t\t\t\t<p><em>\u00ab Le plaisir de vous recevoir dans l\u2019unique de chacun de nous, dans les nuits ou m\u00eame en plein jour. \u00bb<\/em><\/p>\n<p>La l\u00e9gende du merle est un roman diariste, intimiste, port\u00e9 par le chant d\u2019un merle du premier printemps de f\u00e9vrier au coeur de l\u2019\u00e9t\u00e9, \u00e0 la moiti\u00e9 d\u2019ao\u00fbt o\u00f9 l\u2019oiseau s\u2019est tu.Dans la f\u00e9licit\u00e9 du paysan retrait\u00e9, aujourd\u2019hui confin\u00e9, l\u2019\u00e9crivain prend des notes, les r\u00e9\u00e9crit quinze fois, \u00e9voque tour \u00e0 tour avec m\u00e9lancolie l\u2019absence de ses petits-enfants, puis avec sensualit\u00e9 les femmes de sa vie. Les carnets de l\u2019\u00e9crivain-paysan se lisent d\u2019une traite comme un long po\u00e8me qui vient interroger son processus d\u2019\u00e9criture : \u00ab (&#8230;) il y avait les pr\u00e9s si appr\u00e9ci\u00e9s, si vivants, si percutants, comment les ramener sur la page blanche, \u00e9taler les surfaces, la mue des surfaces en images satellites, je commence les foins ici (&#8230;) \u00bb Au fil de cette \u00ab r\u00e9trospective anarchique \u00bb il ne se trouve pas plus malin, mais \u00e7a le rend heureux, il est rempli de paysages locaux, on le dit \u00e9crivain r\u00e9gional, \u00ab le merle n\u2019est pas un oiseau migrateur, il a ses limites \u00bb.<br \/>Jean-Pierre Rochat affectionne la forme br\u00e8ve teint\u00e9e d\u2019oralit\u00e9. Sa prose, malicieusement cr\u00e9ative, \u00e2pre et charnelle offre un souffle unique \u00e0 des personnages qui ont fait le choix du vivant. Non sans lucidit\u00e9 et sarcasme, l\u2019oeuvre g\u00e9n\u00e9reuse de l\u2019\u00e9crivain embrasse avec bienveillance les difficult\u00e9s de la r\u00e9alit\u00e9 paysanne contemporaine et en d\u00e9samorce la d\u00e9liquescence en un bouleversant hymne \u00e0 la terre.<\/p>\n<p>\u00c9crivain et paysan, Jean-Pierre Rochat est n\u00e9 en 1953 \u00e0 B\u00e2le et a grandi \u00e0 Bienne (BE). Apr\u00e8s une jeunesse insoumise, il devient berger \u00e0 l\u2019alpage l\u2019\u00e9t\u00e9 et comme journalier en plaine l\u2019hiver. D\u00e8s 1974, fermier, il exploite avec sa famille un domaine au sommet de la montagne dans le Jura bernois et assouvit sa passion des chevaux Franches-Montagnes. C\u2019est en 1982, avec la publication de son premier recueil de nouvelles, puis avec le r\u00e9cit\u00a0<em>Berger sans \u00e9toile<\/em>\u00a0(\u00c9ditions d&#8217;en bas,1984), la chronique de la vie d\u2019un berger de 20 ans, qu\u2019il parvient \u00e0 concilier ses deux passions et \u00e0 entrer sur la sc\u00e8ne litt\u00e9raire. Arriv\u00e9 \u00e0 l\u2019heure de la retraite, il remet le domaine \u00e0 sa fille en 2018.<br \/>On lui doit plusieurs r\u00e9cits, dont\u00a0<em>Epilady\u00a0<\/em>(1994), de nombreuses nouvelles,\u00a0<em>Sc\u00e8nes de la vie agricole<\/em>\u00a0(1982),\u00a0<em>H\u00e9catombe<\/em>\u00a0(1999), ainsi qu\u2019un recueil de po\u00e9sie,\u00a0<em>Sur du rouge vif\u00a0<\/em>(1999).\u00a0<em>L\u2019\u00c9crivain suisse allemand<\/em>\u00a0(2012), roman qui raconte \u00e0 partir d\u2019un enterrement l\u2019amiti\u00e9 unissant un paysan de montage \u00e0 un \u00e9crivain \u00e0 succ\u00e8s, a \u00e9t\u00e9 r\u00e9compens\u00e9 par le prix Michel-Dentan. En 2019, le prix du roman des Romands lui est d\u00e9cern\u00e9 pour\u00a0<em>Petite Brume<\/em>, poignant r\u00e9cit d\u2019un paysan ruin\u00e9, contraint \u00e0 vendre b\u00eates et biens.<\/p>\n<p><a href=\"http:\/\/enbas.net\/index.php?id=jean-pierre-rochat-la-legende-du-merle\" target=\"_blank\" rel=\"noopener\" data-cke-saved-href=\"http:\/\/enbas.net\/index.php?id=jean-pierre-rochat-la-legende-du-merle\">www.enbas.net<\/a><\/p>\n\t\t\t\t\t\t\t\t<\/div>\n\t\t\t\t<\/div>\n\t\t\t\t\t<\/div>\n\t\t<\/div>\n\t\t\t\t\t<\/div>\n\t\t<\/section>\n\t\t\t\t<\/div>\n\t\t","protected":false},"excerpt":{"rendered":"<p>Photo: S\u00e9bastien Anex \u00ab Le plaisir de vous recevoir dans l\u2019unique de chacun de nous, dans les nuits ou m\u00eame en plein jour. \u00bb La l\u00e9gende du merle est un roman diariste, intimiste, port\u00e9 par le chant d\u2019un merle du premier printemps de f\u00e9vrier au coeur de l\u2019\u00e9t\u00e9, \u00e0 la moiti\u00e9 d\u2019ao\u00fbt o\u00f9 l\u2019oiseau s\u2019est &hellip; <a href=\"https:\/\/bostry.ch\/de\/16-juillet-2021-18h30-jean-pierre-rochat-lit-son-dernier-roman-la-legende-du-merle-editions-den-bas-accompagnement-musical-urs-broniman\/\">Continued<\/a><\/p>\n","protected":false},"author":1,"featured_media":0,"comment_status":"closed","ping_status":"open","sticky":false,"template":"","format":"standard","meta":{"footnotes":""},"categories":[22,9],"tags":[],"class_list":["post-30349","post","type-post","status-publish","format-standard","hentry","category-archive","category-unkategorisiert"],"_links":{"self":[{"href":"https:\/\/bostry.ch\/de\/wp-json\/wp\/v2\/posts\/30349","targetHints":{"allow":["GET"]}}],"collection":[{"href":"https:\/\/bostry.ch\/de\/wp-json\/wp\/v2\/posts"}],"about":[{"href":"https:\/\/bostry.ch\/de\/wp-json\/wp\/v2\/types\/post"}],"author":[{"embeddable":true,"href":"https:\/\/bostry.ch\/de\/wp-json\/wp\/v2\/users\/1"}],"replies":[{"embeddable":true,"href":"https:\/\/bostry.ch\/de\/wp-json\/wp\/v2\/comments?post=30349"}],"version-history":[{"count":5,"href":"https:\/\/bostry.ch\/de\/wp-json\/wp\/v2\/posts\/30349\/revisions"}],"predecessor-version":[{"id":30373,"href":"https:\/\/bostry.ch\/de\/wp-json\/wp\/v2\/posts\/30349\/revisions\/30373"}],"wp:attachment":[{"href":"https:\/\/bostry.ch\/de\/wp-json\/wp\/v2\/media?parent=30349"}],"wp:term":[{"taxonomy":"category","embeddable":true,"href":"https:\/\/bostry.ch\/de\/wp-json\/wp\/v2\/categories?post=30349"},{"taxonomy":"post_tag","embeddable":true,"href":"https:\/\/bostry.ch\/de\/wp-json\/wp\/v2\/tags?post=30349"}],"curies":[{"name":"wp","href":"https:\/\/api.w.org\/{rel}","templated":true}]}}