{"id":30829,"date":"2022-12-04T18:51:05","date_gmt":"2022-12-04T17:51:05","guid":{"rendered":"https:\/\/bostry.ch\/?p=30829"},"modified":"2022-12-27T10:48:01","modified_gmt":"2022-12-27T09:48:01","slug":"donnerstag-8-dezember-1900-uhr","status":"publish","type":"post","link":"https:\/\/bostry.ch\/de\/donnerstag-8-dezember-1900-uhr\/","title":{"rendered":"Donnerstag, 8. Dezember, 19:00 Uhr"},"content":{"rendered":"\t\t<div data-elementor-type=\"wp-post\" data-elementor-id=\"30829\" class=\"elementor elementor-30829\" data-elementor-post-type=\"post\">\n\t\t\t\t\t\t<section class=\"elementor-section elementor-top-section elementor-element elementor-element-77f7d723 elementor-section-boxed elementor-section-height-default elementor-section-height-default\" data-id=\"77f7d723\" data-element_type=\"section\" data-e-type=\"section\">\n\t\t\t\t\t\t<div class=\"elementor-container elementor-column-gap-default\">\n\t\t\t\t\t<div class=\"elementor-column elementor-col-100 elementor-top-column elementor-element elementor-element-7c967d66\" data-id=\"7c967d66\" data-element_type=\"column\" data-e-type=\"column\">\n\t\t\t<div class=\"elementor-widget-wrap elementor-element-populated\">\n\t\t\t\t\t\t<div class=\"elementor-element elementor-element-1e12e73 elementor-widget elementor-widget-heading\" data-id=\"1e12e73\" data-element_type=\"widget\" data-e-type=\"widget\" data-widget_type=\"heading.default\">\n\t\t\t\t<div class=\"elementor-widget-container\">\n\t\t\t\t\t<h2 class=\"elementor-heading-title elementor-size-default\">Donnerstag, 8. Dezember, 19:00 Uhr<\/h2>\t\t\t\t<\/div>\n\t\t\t\t<\/div>\n\t\t\t\t\t<\/div>\n\t\t<\/div>\n\t\t\t\t\t<\/div>\n\t\t<\/section>\n\t\t\t\t<section class=\"elementor-section elementor-top-section elementor-element elementor-element-46439851 elementor-section-boxed elementor-section-height-default elementor-section-height-default\" data-id=\"46439851\" data-element_type=\"section\" data-e-type=\"section\">\n\t\t\t\t\t\t<div class=\"elementor-container elementor-column-gap-default\">\n\t\t\t\t\t<div class=\"elementor-column elementor-col-50 elementor-top-column elementor-element elementor-element-2b2e3545\" data-id=\"2b2e3545\" data-element_type=\"column\" data-e-type=\"column\">\n\t\t\t<div class=\"elementor-widget-wrap elementor-element-populated\">\n\t\t\t\t\t\t<div class=\"elementor-element elementor-element-646523bb elementor-widget elementor-widget-image\" data-id=\"646523bb\" data-element_type=\"widget\" data-e-type=\"widget\" data-widget_type=\"image.default\">\n\t\t\t\t<div class=\"elementor-widget-container\">\n\t\t\t\t\t\t\t\t\t\t\t\t\t\t\t<img decoding=\"async\" src=\"https:\/\/bostry.ch\/wp-content\/plugins\/elementor\/assets\/images\/placeholder.png\" title=\"\" alt=\"\" loading=\"lazy\" \/>\t\t\t\t\t\t\t\t\t\t\t\t\t\t\t<\/div>\n\t\t\t\t<\/div>\n\t\t\t\t\t<\/div>\n\t\t<\/div>\n\t\t\t\t<div class=\"elementor-column elementor-col-50 elementor-top-column elementor-element elementor-element-651ea4c3\" data-id=\"651ea4c3\" data-element_type=\"column\" data-e-type=\"column\">\n\t\t\t<div class=\"elementor-widget-wrap elementor-element-populated\">\n\t\t\t\t\t\t<div class=\"elementor-element elementor-element-5a64f693 elementor-widget elementor-widget-text-editor\" data-id=\"5a64f693\" data-element_type=\"widget\" data-e-type=\"widget\" data-widget_type=\"text-editor.default\">\n\t\t\t\t<div class=\"elementor-widget-container\">\n\t\t\t\t\t\t\t\t\t<p>Lectures-Rockhall-Lesungen<\/p>\n<p>Programm des Internationalen Lyceum Clubs der Schweiz und des Forum Rockhall, Verein zur Unterst\u00fctzung des Schweizerischen Literaturinstituts.<\/p>\n<p>Studierende des Schweizerischen Literaturinstitut erhalten die M\u00f6glichkeit, in Begleitung renommierter Autorinnen und Autoren an die \u00d6ffentlichkeit zu treten.<\/p>\n\t\t\t\t\t\t\t\t<\/div>\n\t\t\t\t<\/div>\n\t\t\t\t<div class=\"elementor-element elementor-element-2606cb56 elementor-widget elementor-widget-text-editor\" data-id=\"2606cb56\" data-element_type=\"widget\" data-e-type=\"widget\" data-widget_type=\"text-editor.default\">\n\t\t\t\t<div class=\"elementor-widget-container\">\n\t\t\t\t\t\t\t\t\t<p>Sagal Maj Comafai lebt in Biel. Er hat in Zu\u0308rich Indologie und Philosophie studiert und von 2019 bis 2022 am Schweizerischen Literaturinstitut den Bachelor\u00a0in literarischem Schreiben erworben. Mit seinen lyrischen Prosaminiaturen wurde er anl\u00e4sslich\u00a0der Ausschreibung fu\u0308r das Programm \u00abLectures-Rockhall-Lesungen\u00bb fu\u0308r eine \u00f6ffentliche Lesung ausgew\u00e4hlt und konnte eine Autorin oder einen Autor mit Renommee fu\u0308r eine Doppellesung vorschlagen. Er hat sich fu\u0308r Simone Lappert\u00a0entschieden.<br \/>\u00a0<br \/>Simone Lappert lebt in Zu\u0308rich und Basel. Sie schloss 2011 am Schweizerischen Literaturinstitut ab, erhielt 2013 fu\u0308r ihre Lyrik den Heinz-Weder-Preis, stand 2014 mit dem Roman Wurfschatten auf den Shortlists des ZDF-aspekte-Preises und des Rauriser Literaturpreises,<br \/>wurde 2019 mit dem Roman Der Sprung fu\u0308r den Schweizer Buchpreis nominiert und ver\u00f6ffentlichte 2022 den Lyrikband l\u00e4ngst f\u00e4llige verwilderung. Sie<br \/>pr\u00e4sidiert das Internationale Lyrikfestival Basel und war Kuratorin der Schweiz fu\u0308r das\u00a0Lyrikprojekt \u00abBabelsprech.International\u00bb.<br \/><br \/><\/p><hr \/><p>Aperitif, Buchsignierung und Laden\u00f6ffnung bis 21 Uhr.<\/p><p>Der Eintritt ist frei.<\/p><p>Bostryche Librairie Buchhandlung<br \/>Zentralstrasse 14<br \/>2502 Biel<br \/>www.bostry.ch<\/p>\t\t\t\t\t\t\t\t<\/div>\n\t\t\t\t<\/div>\n\t\t\t\t\t<\/div>\n\t\t<\/div>\n\t\t\t\t\t<\/div>\n\t\t<\/section>\n\t\t\t\t<\/div>\n\t\t","protected":false},"excerpt":{"rendered":"<p>Lectures-Rockhall-Lesungen Programm des Internationalen Lyceum Clubs der Schweiz und des Forum Rockhall, Verein zur Unterst\u00fctzung des Schweizerischen Literaturinstituts. Studierende des Schweizerischen Literaturinstitut erhalten die M\u00f6glichkeit, in Begleitung renommierter Autorinnen und Autoren an die \u00d6ffentlichkeit zu treten. Sagal Maj Comafai lebt in Biel. Er hat in Zu\u0308rich Indologie und Philosophie studiert und von 2019 bis 2022 &hellip; <a href=\"https:\/\/bostry.ch\/de\/donnerstag-8-dezember-1900-uhr\/\">Continued<\/a><\/p>\n","protected":false},"author":1,"featured_media":0,"comment_status":"closed","ping_status":"open","sticky":false,"template":"","format":"standard","meta":{"footnotes":""},"categories":[22,9],"tags":[],"class_list":["post-30829","post","type-post","status-publish","format-standard","hentry","category-archive","category-unkategorisiert"],"_links":{"self":[{"href":"https:\/\/bostry.ch\/de\/wp-json\/wp\/v2\/posts\/30829","targetHints":{"allow":["GET"]}}],"collection":[{"href":"https:\/\/bostry.ch\/de\/wp-json\/wp\/v2\/posts"}],"about":[{"href":"https:\/\/bostry.ch\/de\/wp-json\/wp\/v2\/types\/post"}],"author":[{"embeddable":true,"href":"https:\/\/bostry.ch\/de\/wp-json\/wp\/v2\/users\/1"}],"replies":[{"embeddable":true,"href":"https:\/\/bostry.ch\/de\/wp-json\/wp\/v2\/comments?post=30829"}],"version-history":[{"count":7,"href":"https:\/\/bostry.ch\/de\/wp-json\/wp\/v2\/posts\/30829\/revisions"}],"predecessor-version":[{"id":30837,"href":"https:\/\/bostry.ch\/de\/wp-json\/wp\/v2\/posts\/30829\/revisions\/30837"}],"wp:attachment":[{"href":"https:\/\/bostry.ch\/de\/wp-json\/wp\/v2\/media?parent=30829"}],"wp:term":[{"taxonomy":"category","embeddable":true,"href":"https:\/\/bostry.ch\/de\/wp-json\/wp\/v2\/categories?post=30829"},{"taxonomy":"post_tag","embeddable":true,"href":"https:\/\/bostry.ch\/de\/wp-json\/wp\/v2\/tags?post=30829"}],"curies":[{"name":"wp","href":"https:\/\/api.w.org\/{rel}","templated":true}]}}