{"id":31324,"date":"2025-04-27T20:48:42","date_gmt":"2025-04-27T18:48:42","guid":{"rendered":"https:\/\/bostry.ch\/?p=31324"},"modified":"2025-08-17T17:47:40","modified_gmt":"2025-08-17T15:47:40","slug":"02-05-2025-19h30-sebastian-steffen-liest-aus-i-wett-i-choennt-franzoesisch-plattentaufe-von-wasser","status":"publish","type":"post","link":"https:\/\/bostry.ch\/de\/02-05-2025-19h30-sebastian-steffen-liest-aus-i-wett-i-choennt-franzoesisch-plattentaufe-von-wasser\/","title":{"rendered":"02.05.2025 &#8211; 19h30 Sebastian Steffen liest aus &#8218;I wett, i ch\u00f6nnt Franz\u00f6sisch&#8216; \/ Plattentaufe von &#8218;Wasser&#8216;"},"content":{"rendered":"\t\t<div data-elementor-type=\"wp-post\" data-elementor-id=\"31324\" class=\"elementor elementor-31324 elementor-31323\" data-elementor-post-type=\"post\">\n\t\t\t\t\t\t<section class=\"elementor-section elementor-top-section elementor-element elementor-element-77f7d723 elementor-section-boxed elementor-section-height-default elementor-section-height-default\" data-id=\"77f7d723\" data-element_type=\"section\" data-e-type=\"section\">\n\t\t\t\t\t\t<div class=\"elementor-container elementor-column-gap-default\">\n\t\t\t\t\t<div class=\"elementor-column elementor-col-100 elementor-top-column elementor-element elementor-element-7c967d66\" data-id=\"7c967d66\" data-element_type=\"column\" data-e-type=\"column\">\n\t\t\t<div class=\"elementor-widget-wrap elementor-element-populated\">\n\t\t\t\t\t\t<div class=\"elementor-element elementor-element-1e12e73 elementor-widget elementor-widget-heading\" data-id=\"1e12e73\" data-element_type=\"widget\" data-e-type=\"widget\" data-widget_type=\"heading.default\">\n\t\t\t\t<div class=\"elementor-widget-container\">\n\t\t\t\t\t<h2 class=\"elementor-heading-title elementor-size-default\">02.05.2025 &#8211; 19h30 Sebastian Steffen liest aus &#8218;I wett, i ch\u00f6nnt Franz\u00f6sisch&#8216; \/ Plattentaufe von &#8218;Wasser&#8216;<\/h2>\t\t\t\t<\/div>\n\t\t\t\t<\/div>\n\t\t\t\t\t<\/div>\n\t\t<\/div>\n\t\t\t\t\t<\/div>\n\t\t<\/section>\n\t\t\t\t<section class=\"elementor-section elementor-top-section elementor-element elementor-element-46439851 elementor-section-boxed elementor-section-height-default elementor-section-height-default\" data-id=\"46439851\" data-element_type=\"section\" data-e-type=\"section\">\n\t\t\t\t\t\t<div class=\"elementor-container elementor-column-gap-default\">\n\t\t\t\t\t<div class=\"elementor-column elementor-col-50 elementor-top-column elementor-element elementor-element-2b2e3545\" data-id=\"2b2e3545\" data-element_type=\"column\" data-e-type=\"column\">\n\t\t\t<div class=\"elementor-widget-wrap elementor-element-populated\">\n\t\t\t\t\t\t<div class=\"elementor-element elementor-element-646523bb elementor-widget elementor-widget-image\" data-id=\"646523bb\" data-element_type=\"widget\" data-e-type=\"widget\" data-widget_type=\"image.default\">\n\t\t\t\t<div class=\"elementor-widget-container\">\n\t\t\t\t\t\t\t\t\t\t\t\t<figure class=\"wp-caption\">\n\t\t\t\t\t\t\t\t\t\t<img fetchpriority=\"high\" decoding=\"async\" width=\"654\" height=\"736\" src=\"https:\/\/bostry.ch\/wp-content\/uploads\/2025\/04\/Capture-decran-2025-04-26-a-12.20.10.png\" class=\"attachment-large size-large wp-image-31327\" alt=\"\" srcset=\"https:\/\/bostry.ch\/wp-content\/uploads\/2025\/04\/Capture-decran-2025-04-26-a-12.20.10.png 654w, https:\/\/bostry.ch\/wp-content\/uploads\/2025\/04\/Capture-decran-2025-04-26-a-12.20.10-267x300.png 267w\" sizes=\"(max-width: 654px) 100vw, 654px\" \/>\t\t\t\t\t\t\t\t\t\t\t<figcaption class=\"widget-image-caption wp-caption-text\"> Foto Copyright: Lena Gm\u00fcnder<\/figcaption>\n\t\t\t\t\t\t\t\t\t\t<\/figure>\n\t\t\t\t\t\t\t\t\t<\/div>\n\t\t\t\t<\/div>\n\t\t\t\t\t<\/div>\n\t\t<\/div>\n\t\t\t\t<div class=\"elementor-column elementor-col-50 elementor-top-column elementor-element elementor-element-651ea4c3\" data-id=\"651ea4c3\" data-element_type=\"column\" data-e-type=\"column\">\n\t\t\t<div class=\"elementor-widget-wrap elementor-element-populated\">\n\t\t\t\t\t\t<div class=\"elementor-element elementor-element-2606cb56 elementor-widget elementor-widget-text-editor\" data-id=\"2606cb56\" data-element_type=\"widget\" data-e-type=\"widget\" data-widget_type=\"text-editor.default\">\n\t\t\t\t<div class=\"elementor-widget-container\">\n\t\t\t\t\t\t\t\t\t<table border=\"0\" width=\"100%\" cellspacing=\"0\" cellpadding=\"0\"><tbody><tr><td valign=\"top\"><table class=\"m_2734697150027235625mcnTextContentContainer\" border=\"0\" width=\"100%\" cellspacing=\"0\" cellpadding=\"0\" align=\"left\"><tbody><tr><td class=\"m_2734697150027235625mcnTextContent\" valign=\"top\">\u00a0<\/td><\/tr><\/tbody><\/table><\/td><\/tr><\/tbody><\/table><table border=\"0\" width=\"100%\" cellspacing=\"0\" cellpadding=\"0\"><tbody><tr><td valign=\"top\"><table class=\"m_2734697150027235625mcnTextContentContainer\" border=\"0\" width=\"100%\" cellspacing=\"0\" cellpadding=\"0\" align=\"left\"><tbody><tr><td class=\"m_2734697150027235625mcnTextContent\" valign=\"top\"><div><p>30 Jahre ist es her, dass der Erz\u00e4hler seine 13-j\u00e4hrige Freundin und Schwester Astrid tot im Maisfeld aufgefunden hat, ermordet. Nicht zuletzt die Frage, ob er damals der Toten noch einen Umschlag mit einem Gutschein entwendet hat, h\u00e4lt ein Karussell aus Reue und schlechtem Gewissen in Gang. Immer wieder breitet sich die d\u00f6rfliche Szenerie in<br \/>seinen Vorstellungen aus; Halbwissen, erinnerte Sprachfetzen und der Geist der Zeit treiben ihn um \u2013 und zur\u00fcck zum Schauplatz.<br \/>Weit weg gehen k\u00f6nnte eine M\u00f6glichkeit sein, vergessen. Oder auf einer Alp alles nochmals in Rollen bringen. In einer getriebenen, der M\u00fcndlichkeit angelehnten, aber auch sorgf\u00e4ltig tastenden Sprache geht Sebastian Steffens Erz\u00e4hlung den Sirenen eines Verbrechens nach. Br\u00fcchig wird der Humor, ausf\u00e4llig die Trauer, spitzz\u00fcngig der Schmerz und tragend die Imagination in diesem eindrucksvollen Sprachkunstwerk.<\/p><p><strong>Sebastian Steffen<\/strong><\/p><p>Geboren und aufgewachsen im Kanton Bern, lebt in Biel. Jahrgang 1984. Arbeiten als M\u00f6chtegern-Spengler, Ziegenhirt, Landschaftsg\u00e4rtner, Betreuer und Unterst\u00fctzungslehrperson. Studium am Schweizerische Literaturinstitut. Im verlag die brotsuppe sind erschienen: &#8222;leg di ascht\u00e4ndig a&#8220; (2018) und &#8222;Aschtronaut unger em Miuchglasdach | Astronaut unter dem Milchglasdach&#8220; (2019).<\/p><p><a href=\"https:\/\/menschenversand.ch\/produkt\/i-wett-i-choennt-franzoesisch\/?utm_source=Bostryche&amp;utm_campaign=2a1ad36b6d-EMAIL_CAMPAIGN_2020_01_23_02_51_COPY_01&amp;utm_medium=email&amp;utm_term=0_6c850dd5ab-2a1ad36b6d-\" target=\"_blank\" rel=\"noopener\" data-saferedirecturl=\"https:\/\/www.google.com\/url?q=https:\/\/menschenversand.ch\/produkt\/i-wett-i-choennt-franzoesisch\/?utm_source%3DBostryche%26utm_campaign%3D2a1ad36b6d-EMAIL_CAMPAIGN_2020_01_23_02_51_COPY_01%26utm_medium%3Demail%26utm_term%3D0_6c850dd5ab-2a1ad36b6d-&amp;source=gmail&amp;ust=1745865160985000&amp;usg=AOvVaw0sO-_JS_T3nyOW9V675wjI\">Der gesunde Menschenversand<\/a><\/p><\/div><\/td><\/tr><\/tbody><\/table><\/td><\/tr><\/tbody><\/table><table border=\"0\" width=\"100%\" cellspacing=\"0\" cellpadding=\"0\"><tbody><tr><td valign=\"top\"><table border=\"0\" width=\"100%\" cellspacing=\"0\" cellpadding=\"0\" align=\"left\"><tbody><tr><td valign=\"top\"><img decoding=\"async\" class=\"m_2734697150027235625mcnImage CToWUd a6T\" tabindex=\"0\" src=\"https:\/\/ci3.googleusercontent.com\/meips\/ADKq_NbS90bvw7M3gVPHsrTTIP0uz54sxXAMkomnsK0-HnITcWkuiBsKVSepzlhMAHj7ltJv0YWpwf047cBM5m5HX7VAeV9zEBQgj-lvNdYimDaBP3aEIBSQiGyXINkKklVdv75X3ntWR6YQ0ihnYnMYUrI1SMijookK8Cw=s0-d-e1-ft#https:\/\/mcusercontent.com\/a6714367b8a42034deea1d5b9\/images\/e82f7056-9639-f9d8-3607-0807a35c5bea.png\" alt=\"\" width=\"530.16\" align=\"center\" data-bit=\"iit\" \/><\/td><\/tr><\/tbody><\/table><\/td><\/tr><\/tbody><\/table><table border=\"0\" width=\"100%\" cellspacing=\"0\" cellpadding=\"0\"><tbody><tr><td valign=\"top\"><table class=\"m_2734697150027235625mcnTextContentContainer\" border=\"0\" width=\"100%\" cellspacing=\"0\" cellpadding=\"0\" align=\"left\"><tbody><tr><td class=\"m_2734697150027235625mcnTextContent\" valign=\"top\"><div><p>Digital-Download oder Streaming \u00fcber die \u00fcblichen Plattformen.\u00a0<\/p><p>Ein Album, das unter die Haut geht.\u00a0Das Bl\u00f6de \u2013 oder vielmehr das Grossartige \u2013 an schweizerdeutsch gesungenen Texten? Man versteht jedes Wort. Mehr noch: Man sp\u00fcrt die Auslassungen, die Andeutungen, die einschneidenden Zwischent\u00f6ne. Die Texte von \u201cWasser\u201d sickern ein, verzweigen sich tief in die Seele und lassen einen nicht mehr los.<\/p><p>Musikalisch bewegt sich \u201cWasser\u201d zwischen den Welten: Ein vielschichtiges Geflecht aus Folk, Pop, Stoner Rock, Singer-Songwriter und L\u00e4ndler verbindet sich zu einem Klang, der zugleich vertraut und gleichzeitig anders klingt. Ein Album, das ber\u00fchrt \u2013 und bleibt.<\/p><p><a href=\"https:\/\/menschenversand.ch\/produkt\/das-isch-wasser\/?utm_source=Bostryche&amp;utm_campaign=2a1ad36b6d-EMAIL_CAMPAIGN_2020_01_23_02_51_COPY_01&amp;utm_medium=email&amp;utm_term=0_6c850dd5ab-2a1ad36b6d-\" target=\"_blank\" rel=\"noopener\" data-saferedirecturl=\"https:\/\/www.google.com\/url?q=https:\/\/menschenversand.ch\/produkt\/das-isch-wasser\/?utm_source%3DBostryche%26utm_campaign%3D2a1ad36b6d-EMAIL_CAMPAIGN_2020_01_23_02_51_COPY_01%26utm_medium%3Demail%26utm_term%3D0_6c850dd5ab-2a1ad36b6d-&amp;source=gmail&amp;ust=1745865160985000&amp;usg=AOvVaw0gwu3kX5xhZz4pAEEFMDKs\">Der gesunde Menschenversand<\/a><\/p><\/div><\/td><\/tr><\/tbody><\/table><\/td><\/tr><\/tbody><\/table>\t\t\t\t\t\t\t\t<\/div>\n\t\t\t\t<\/div>\n\t\t\t\t\t<\/div>\n\t\t<\/div>\n\t\t\t\t\t<\/div>\n\t\t<\/section>\n\t\t\t\t<\/div>\n\t\t","protected":false},"excerpt":{"rendered":"<p>\u00a0 30 Jahre ist es her, dass der Erz\u00e4hler seine 13-j\u00e4hrige Freundin und Schwester Astrid tot im Maisfeld aufgefunden hat, ermordet. Nicht zuletzt die Frage, ob er damals der Toten noch einen Umschlag mit einem Gutschein entwendet hat, h\u00e4lt ein Karussell aus Reue und schlechtem Gewissen in Gang. Immer wieder breitet sich die d\u00f6rfliche Szenerie &hellip; <a href=\"https:\/\/bostry.ch\/de\/02-05-2025-19h30-sebastian-steffen-liest-aus-i-wett-i-choennt-franzoesisch-plattentaufe-von-wasser\/\">Continued<\/a><\/p>\n","protected":false},"author":1,"featured_media":0,"comment_status":"closed","ping_status":"open","sticky":false,"template":"","format":"standard","meta":{"footnotes":""},"categories":[22,9],"tags":[],"class_list":["post-31324","post","type-post","status-publish","format-standard","hentry","category-archive","category-unkategorisiert"],"_links":{"self":[{"href":"https:\/\/bostry.ch\/de\/wp-json\/wp\/v2\/posts\/31324","targetHints":{"allow":["GET"]}}],"collection":[{"href":"https:\/\/bostry.ch\/de\/wp-json\/wp\/v2\/posts"}],"about":[{"href":"https:\/\/bostry.ch\/de\/wp-json\/wp\/v2\/types\/post"}],"author":[{"embeddable":true,"href":"https:\/\/bostry.ch\/de\/wp-json\/wp\/v2\/users\/1"}],"replies":[{"embeddable":true,"href":"https:\/\/bostry.ch\/de\/wp-json\/wp\/v2\/comments?post=31324"}],"version-history":[{"count":4,"href":"https:\/\/bostry.ch\/de\/wp-json\/wp\/v2\/posts\/31324\/revisions"}],"predecessor-version":[{"id":31334,"href":"https:\/\/bostry.ch\/de\/wp-json\/wp\/v2\/posts\/31324\/revisions\/31334"}],"wp:attachment":[{"href":"https:\/\/bostry.ch\/de\/wp-json\/wp\/v2\/media?parent=31324"}],"wp:term":[{"taxonomy":"category","embeddable":true,"href":"https:\/\/bostry.ch\/de\/wp-json\/wp\/v2\/categories?post=31324"},{"taxonomy":"post_tag","embeddable":true,"href":"https:\/\/bostry.ch\/de\/wp-json\/wp\/v2\/tags?post=31324"}],"curies":[{"name":"wp","href":"https:\/\/api.w.org\/{rel}","templated":true}]}}