{"id":31393,"date":"2025-08-17T21:50:33","date_gmt":"2025-08-17T19:50:33","guid":{"rendered":"https:\/\/bostry.ch\/?p=31393"},"modified":"2025-08-17T21:51:51","modified_gmt":"2025-08-17T19:51:51","slug":"unsere-veranstaltungen-im-herbst","status":"publish","type":"post","link":"https:\/\/bostry.ch\/de\/unsere-veranstaltungen-im-herbst\/","title":{"rendered":"Unsere Veranstaltungen im Herbst"},"content":{"rendered":"\t\t<div data-elementor-type=\"wp-post\" data-elementor-id=\"31393\" class=\"elementor elementor-31393 elementor-31392\" data-elementor-post-type=\"post\">\n\t\t\t\t\t\t<section class=\"elementor-section elementor-top-section elementor-element elementor-element-77f7d723 elementor-section-boxed elementor-section-height-default elementor-section-height-default\" data-id=\"77f7d723\" data-element_type=\"section\" data-e-type=\"section\">\n\t\t\t\t\t\t<div class=\"elementor-container elementor-column-gap-default\">\n\t\t\t\t\t<div class=\"elementor-column elementor-col-100 elementor-top-column elementor-element elementor-element-7c967d66\" data-id=\"7c967d66\" data-element_type=\"column\" data-e-type=\"column\">\n\t\t\t<div class=\"elementor-widget-wrap elementor-element-populated\">\n\t\t\t\t\t\t<div class=\"elementor-element elementor-element-1e12e73 elementor-widget elementor-widget-heading\" data-id=\"1e12e73\" data-element_type=\"widget\" data-e-type=\"widget\" data-widget_type=\"heading.default\">\n\t\t\t\t<div class=\"elementor-widget-container\">\n\t\t\t\t\t<h2 class=\"elementor-heading-title elementor-size-default\">Unsere Veranstaltungen im Herbst<\/h2>\t\t\t\t<\/div>\n\t\t\t\t<\/div>\n\t\t\t\t\t<\/div>\n\t\t<\/div>\n\t\t\t\t\t<\/div>\n\t\t<\/section>\n\t\t\t\t<section class=\"elementor-section elementor-top-section elementor-element elementor-element-46439851 elementor-section-boxed elementor-section-height-default elementor-section-height-default\" data-id=\"46439851\" data-element_type=\"section\" data-e-type=\"section\">\n\t\t\t\t\t\t<div class=\"elementor-container elementor-column-gap-default\">\n\t\t\t\t\t<div class=\"elementor-column elementor-col-50 elementor-top-column elementor-element elementor-element-2b2e3545\" data-id=\"2b2e3545\" data-element_type=\"column\" data-e-type=\"column\">\n\t\t\t<div class=\"elementor-widget-wrap elementor-element-populated\">\n\t\t\t\t\t\t\t<\/div>\n\t\t<\/div>\n\t\t\t\t<div class=\"elementor-column elementor-col-50 elementor-top-column elementor-element elementor-element-651ea4c3\" data-id=\"651ea4c3\" data-element_type=\"column\" data-e-type=\"column\">\n\t\t\t<div class=\"elementor-widget-wrap elementor-element-populated\">\n\t\t\t\t\t\t<div class=\"elementor-element elementor-element-2606cb56 elementor-widget elementor-widget-text-editor\" data-id=\"2606cb56\" data-element_type=\"widget\" data-e-type=\"widget\" data-widget_type=\"text-editor.default\">\n\t\t\t\t<div class=\"elementor-widget-container\">\n\t\t\t\t\t\t\t\t\t<hr \/><hr \/><table border=\"0\" width=\"100%\" cellspacing=\"0\" cellpadding=\"0\"><tbody><tr><td valign=\"top\"><table class=\"m_8525023520098360543mcnTextContentContainer\" border=\"0\" width=\"100%\" cellspacing=\"0\" cellpadding=\"0\" align=\"left\"><tbody><tr><td class=\"m_8525023520098360543mcnTextContent\" valign=\"top\"><div><p><strong>VENDREDI 22 AO\u00dbT 2025 \u00e0 19:00<\/strong><br \/>Lecture bilingue mit <strong>Noemi Somalvico<\/strong> und <strong>Valentin Decoppet <\/strong>f\u00fcr &#8222;<a href=\"https:\/\/bostry.us19.list-manage.com\/track\/click?u=a6714367b8a42034deea1d5b9&amp;id=2219b9a125&amp;e=e0d53b98eb\" target=\"_blank\" rel=\"noopener\" data-saferedirecturl=\"https:\/\/www.google.com\/url?q=https:\/\/bostry.us19.list-manage.com\/track\/click?u%3Da6714367b8a42034deea1d5b9%26id%3D2219b9a125%26e%3De0d53b98eb&amp;source=gmail&amp;ust=1755522773594000&amp;usg=AOvVaw3-VEG0EiVjpqpTXliATj1F\">Ist hier das Jenseits, fragt Schwein<\/a>&#8220; (Voland &amp; Quist 2022) et sa traduction fran\u00e7aise tout juste parue \u00ab <a href=\"https:\/\/bostry.us19.list-manage.com\/track\/click?u=a6714367b8a42034deea1d5b9&amp;id=a68de55594&amp;e=e0d53b98eb\" target=\"_blank\" rel=\"noopener\" data-saferedirecturl=\"https:\/\/www.google.com\/url?q=https:\/\/bostry.us19.list-manage.com\/track\/click?u%3Da6714367b8a42034deea1d5b9%26id%3Da68de55594%26e%3De0d53b98eb&amp;source=gmail&amp;ust=1755522773594000&amp;usg=AOvVaw2gSJqjlxLDXvhIm_4R5aMC\">H\u00f4tel Au-Del\u00e0<\/a> \u00bb.<br \/>Une rencontre organis\u00e9e avec <a href=\"https:\/\/bostry.us19.list-manage.com\/track\/click?u=a6714367b8a42034deea1d5b9&amp;id=815eaf7576&amp;e=e0d53b98eb\" target=\"_blank\" rel=\"noopener\" data-saferedirecturl=\"https:\/\/www.google.com\/url?q=https:\/\/bostry.us19.list-manage.com\/track\/click?u%3Da6714367b8a42034deea1d5b9%26id%3D815eaf7576%26e%3De0d53b98eb&amp;source=gmail&amp;ust=1755522773594000&amp;usg=AOvVaw36smzgNjXBbBVkA9YqEcN-\">Dilit<\/a>.<\/p><p><strong>VENDREDI 12 SEPTEMBRE 2025 \u00e0 19:00<\/strong><br \/>Vernissage du nouveau roman \u00ab <a href=\"https:\/\/bostry.us19.list-manage.com\/track\/click?u=a6714367b8a42034deea1d5b9&amp;id=93ce8444bd&amp;e=e0d53b98eb\" target=\"_blank\" rel=\"noopener\" data-saferedirecturl=\"https:\/\/www.google.com\/url?q=https:\/\/bostry.us19.list-manage.com\/track\/click?u%3Da6714367b8a42034deea1d5b9%26id%3D93ce8444bd%26e%3De0d53b98eb&amp;source=gmail&amp;ust=1755522773595000&amp;usg=AOvVaw2TTTzwyk_f80CB8KjipADK\">Rouille <\/a>\u00bb de <strong>Camille Leyvraz<\/strong> (\u00c9ditions La Veilleuse).<\/p><p><strong>DONNERSTAG, 9. OKTOBER 2025 um 19:00<\/strong><br \/>Vernissage des Deb\u00fctromans &#8222;<a href=\"https:\/\/bostry.us19.list-manage.com\/track\/click?u=a6714367b8a42034deea1d5b9&amp;id=1848a48bbc&amp;e=e0d53b98eb\" target=\"_blank\" rel=\"noopener\" data-saferedirecturl=\"https:\/\/www.google.com\/url?q=https:\/\/bostry.us19.list-manage.com\/track\/click?u%3Da6714367b8a42034deea1d5b9%26id%3D1848a48bbc%26e%3De0d53b98eb&amp;source=gmail&amp;ust=1755522773595000&amp;usg=AOvVaw04ccuvszVj_CMIvL0lD1oi\">Verschiebung im Gestein<\/a>&#8220; (Atlantis Verlag) von <strong>Mariann B\u00fchler<\/strong>.<br \/>Eine Lesung, zusammen mit <a href=\"https:\/\/bostry.us19.list-manage.com\/track\/click?u=a6714367b8a42034deea1d5b9&amp;id=09a581eb71&amp;e=e0d53b98eb\" target=\"_blank\" rel=\"noopener\" data-saferedirecturl=\"https:\/\/www.google.com\/url?q=https:\/\/bostry.us19.list-manage.com\/track\/click?u%3Da6714367b8a42034deea1d5b9%26id%3D09a581eb71%26e%3De0d53b98eb&amp;source=gmail&amp;ust=1755522773595000&amp;usg=AOvVaw0jrcvDHS2pxnsqf7L2fG4E\">Dilit <\/a>organisiert.<\/p><p><strong>JEUDI 23 OCTOBRE 2025 \u00e0 19:00<\/strong><br \/>Vernissage bilingue du dernier num\u00e9ro de la <strong>Liesette Litt\u00e9raire<\/strong>, der zweisprachige Literaturzeitschrift aus dem Schweizerischen Literaturinstitut.<\/p><\/div><\/td><\/tr><\/tbody><\/table><\/td><\/tr><\/tbody><\/table><table border=\"0\" width=\"100%\" cellspacing=\"0\" cellpadding=\"0\"><tbody><tr><td valign=\"top\">\u00a0<\/td><\/tr><\/tbody><\/table>\t\t\t\t\t\t\t\t<\/div>\n\t\t\t\t<\/div>\n\t\t\t\t\t<\/div>\n\t\t<\/div>\n\t\t\t\t\t<\/div>\n\t\t<\/section>\n\t\t\t\t<\/div>\n\t\t","protected":false},"excerpt":{"rendered":"<p>VENDREDI 22 AO\u00dbT 2025 \u00e0 19:00Lecture bilingue mit Noemi Somalvico und Valentin Decoppet f\u00fcr &#8222;Ist hier das Jenseits, fragt Schwein&#8220; (Voland &amp; Quist 2022) et sa traduction fran\u00e7aise tout juste parue \u00ab H\u00f4tel Au-Del\u00e0 \u00bb.Une rencontre organis\u00e9e avec Dilit. VENDREDI 12 SEPTEMBRE 2025 \u00e0 19:00Vernissage du nouveau roman \u00ab Rouille \u00bb de Camille Leyvraz (\u00c9ditions &hellip; <a href=\"https:\/\/bostry.ch\/de\/unsere-veranstaltungen-im-herbst\/\">Continued<\/a><\/p>\n","protected":false},"author":1,"featured_media":0,"comment_status":"closed","ping_status":"open","sticky":false,"template":"","format":"standard","meta":{"footnotes":""},"categories":[22,9],"tags":[],"class_list":["post-31393","post","type-post","status-publish","format-standard","hentry","category-archive","category-unkategorisiert"],"_links":{"self":[{"href":"https:\/\/bostry.ch\/de\/wp-json\/wp\/v2\/posts\/31393","targetHints":{"allow":["GET"]}}],"collection":[{"href":"https:\/\/bostry.ch\/de\/wp-json\/wp\/v2\/posts"}],"about":[{"href":"https:\/\/bostry.ch\/de\/wp-json\/wp\/v2\/types\/post"}],"author":[{"embeddable":true,"href":"https:\/\/bostry.ch\/de\/wp-json\/wp\/v2\/users\/1"}],"replies":[{"embeddable":true,"href":"https:\/\/bostry.ch\/de\/wp-json\/wp\/v2\/comments?post=31393"}],"version-history":[{"count":4,"href":"https:\/\/bostry.ch\/de\/wp-json\/wp\/v2\/posts\/31393\/revisions"}],"predecessor-version":[{"id":31402,"href":"https:\/\/bostry.ch\/de\/wp-json\/wp\/v2\/posts\/31393\/revisions\/31402"}],"wp:attachment":[{"href":"https:\/\/bostry.ch\/de\/wp-json\/wp\/v2\/media?parent=31393"}],"wp:term":[{"taxonomy":"category","embeddable":true,"href":"https:\/\/bostry.ch\/de\/wp-json\/wp\/v2\/categories?post=31393"},{"taxonomy":"post_tag","embeddable":true,"href":"https:\/\/bostry.ch\/de\/wp-json\/wp\/v2\/tags?post=31393"}],"curies":[{"name":"wp","href":"https:\/\/api.w.org\/{rel}","templated":true}]}}